{"id":954,"date":"2022-04-22T11:49:57","date_gmt":"2022-04-22T10:49:57","guid":{"rendered":"https:\/\/faut-le-dire.fr\/?p=954"},"modified":"2022-09-16T09:51:06","modified_gmt":"2022-09-16T08:51:06","slug":"appel-dun-analphabete","status":"publish","type":"post","link":"https:\/\/faut-le-dire.fr\/index.php\/2022\/04\/22\/appel-dun-analphabete\/","title":{"rendered":"Appel d&rsquo;un analphab\u00e8te"},"content":{"rendered":"\n<p style=\"text-align: center;\"><span style=\"font-family: Cambria, serif; font-size: 24pt;\"><span style=\"color: #000000;\">Appel d&rsquo;un analphab\u00e8te. <\/span><\/span><\/p>\n<p style=\"text-align: center;\"><span style=\"font-family: Cambria, serif; font-size: 24pt;\"><span style=\"color: #000000;\">Contre la tribune de quatre-vingt intellectuels.<\/span><\/span><\/p>\n<p style=\"text-align: right;\">22\/04\/2022<\/p>\n<p>\u00a0<\/p>\n<p><span style=\"font-family: Cambria, serif; font-size: 18pt;\">Avec cette tribune (la lire ci dessous) on nage en plein d\u00e9lire. Mais un d\u00e9lire permis et encens\u00e9. Orwell avait bien vu que <em>\u00ab il y a de telles absurdit\u00e9s que seuls des intellectuels peuvent y croire. \u00bb<\/em> Nous pensons que ceux qui s\u2019expriment ici sont de cette cat\u00e9gorie. Au moins quand ils font cette proclamation.<br \/>Le point fondamental consiste \u00e0 dire, \u00e9videmment comme toute la presse \u00e0 gros d\u00e9bit ne cesse de le r\u00e9p\u00e9ter depuis le 24 f\u00e9vrier, qu\u2019il faut \u00ab soutenir les ukrainiens \u00bb. La confusion est install\u00e9e d\u00e8s le d\u00e9part. Il y a bien des ukrainiens en Ukraine. On s\u2019en doutait. Mais pas seulement. Ces gens pourtant \u00e9minemment cultiv\u00e9s auraient-ils eu vent de l\u2019existence d\u2019une population russe importante ? Apparemment non. En tous cas, ils n\u2019en parlent pas. Savent-ils ou feignent-ils d\u2019ignorer que les hostilit\u00e9s n\u2019ont pas commenc\u00e9 le 24 f\u00e9vrier 2022 avec l\u2019invasion russe. Une semaine avant, l\u2019arm\u00e9e de Zelenski accentua son pilonnage du Donbass qui, en fait, avait commenc\u00e9 en 2014 avec la s\u00e9cession des deux r\u00e9publiques refusant la tutelle ukrainienne. Et qui n&rsquo;a pas cess\u00e9 depuis huit ans. Cette c\u00e9cit\u00e9 s\u00e9lective est bien celle des intellectuels \u00e0 la botte toujours pr\u00eats \u00e0 d\u00e9fendre le pouvoir \u2013 nous y reviendrons.<br \/>Il y a donc plusieurs peuples en Ukraine et nos \u00ab\u00a0fameux\u00a0\u00bb intellectuels entretiennent l\u2019id\u00e9e fausse que les ukrainiens se sont lev\u00e9s (&#8230;tous ensemble\u00a0!) contre l\u2019agresseur russe. Ils n\u2019ont pas vu la sympathie que moult \u00ab\u00a0ukrainiens\u00a0\u00bb ont montr\u00e9 vis \u00e0 vis des \u00ab\u00a0agresseurs\u00a0\u00bb. Cela leur a malencontreusement \u00e9chapp\u00e9\u2026 Tout comme le soul\u00e8vement populaire contre le pouvoir central (&#8230;ukrainien) dans les r\u00e9publiques du Donbass d\u00e8s 2014. Et qui perdure aujourd\u2019hui plus que jamais. <br \/>Il n\u2019est bien s\u00fbr rien dit, dans la tribune, du traitement fait aux \u00ab russophones \u00bb pendant toutes les ann\u00e9es qui ont suivi la pseudo r\u00e9volution dite du Maidan. Les meurtres individuels ou collectifs (particuli\u00e8rement ceux de la maison des syndicats d\u2019Odessa) ne les ont nullement \u00e9mus. Bien entendu. Ce sont \u2013 pour eux, peut-\u00eatre, mais pour la presse \u00e0 gros d\u00e9bit, c\u2019est s\u00fbr \u2013 des \u00e9motions non permises, ill\u00e9gitimes. Seul crier avec les loups (&#8230;les puissants !) est honorable pour ces gens-l\u00e0. Les victimes d\u00e9sign\u00e9es comme telles par les puissants sont les seules qui vaillent, n\u2019est-ce pas ? Les politiciens europ\u00e9ens, l\u2019in\u00e9narrable Biden, le com\u00e9dien Zelenski et la cohorte des journalistes pr\u00eacheurs de haine anti russe, tout \u00e7a est louable. Car il y a les haines licites \u2013 qui ne rel\u00e8vent donc pas de la haine d&rsquo;apr\u00e8s eux ! \u2013 et les autres. Celles que les enfonceurs de portes ouvertes doivent d\u00e9noncer en grande pompe. <br \/>Le soutien qu\u2019ils veulent \u00ab sans calcul ni r\u00e9serve \u00bb dit bien ce qu\u2019il veut dire : surtout ne r\u00e9fl\u00e9chissez pas ! Soutenez les troupes de l\u2019\u00c9tat ukrainien. Encore une fois, et comme toujours, faites confiance aux puissants. Toute recherche, tout pas de cot\u00e9, toute r\u00e9flexion serait nulle et non avenue. L\u00e0 encore, il n\u2019y a pas d\u2019alternative ! Ou alors, c\u2019est du complotisme, bien entendu.<br \/>Ces messieurs-dames ne se posent pas de question sur le fait que <em>\u00ab\u00a0une trop grande partie de l\u2019opinion s\u2019est rang\u00e9 du cot\u00e9 du dictateur russe\u00a0\u00bb<\/em>. Pourquoi donc l\u2019ont-ils fait alors qu\u2019<i>\u00e0 l\u2019\u00e9vidence<\/i>, il faut prendre position pour la troupe de l\u2019\u00c9tat ukrainien ? Ils n\u2019y voient qu\u2019une d\u00e9viation pathologique d\u2019un certain \u00ab anti-imp\u00e9rialisme \u00bb. Et le tour est jou\u00e9. Ces intellectuels (qui se proclament &lsquo;vrais anti-imp\u00e9rialistes&rsquo;, bien s\u00fbr) pensent qu\u2019ils en ont fait bien assez en d\u00e9non\u00e7ant <em>\u00ab l\u2019\u00e9crasante responsabilit\u00e9 des puissances occidentales petites et grandes dans la d\u00e9vastation de notre monde. \u00bb<\/em> Ils nous ont dit qu\u2019il fallait d\u00e9noncer l\u2019Occident mais maintenant, c\u2019est fini, il faut s\u2019arr\u00eater. Que ne nous disent-ils pas pourquoi ! Bien dommage que cette tribune n\u2019en dise pas un mot, tout de m\u00eame. Et quand ils nous disent qu\u2019il faut d\u00e9fendre la libert\u00e9 des ukrainiens on se demande pourquoi ils n\u2019y vont pas de la m\u00eame indignation quand les russes d\u2019Ukraine se font massacrer.<br \/>S\u2019agit-il de prendre parti pour Poutine ? Non. Mais de voir que les agresseurs ici ne sont pas seulement ceux que d\u00e9noncent les m\u00e9dias et les pouvoirs en place. Il y a des raisons de se m\u00e9fier d\u2019un Poutine et de ses arguments imp\u00e9riaux pour envahir l\u2019Ukraine. Mais est-ce suffisant pour accepter que les \u00c9tats-Unis et l\u2019OTAN envoient au casse-pipe tous ces ukrainiens qui n\u2019ont pas le choix ? Faut-il oublier le pouvoir que les paramilitaires ont dans ce pays v\u00e9rol\u00e9 par la corruption, sans doute bien pire qu\u2019en Russie ? Les laboratoires am\u00e9ricains qui s&rsquo;y trouvent ne prouvent-ils pas assez que l\u2019\u00c9tat ukrainien est devenu une t\u00eate de pont de l\u2019OTAN et de tout ce qui se fait de pire en Occident ? Sommes-nous dans l\u2019obligation d\u2019appr\u00e9cier le show que nous m\u00e8ne le com\u00e9dien Zelenski ? Et l\u2019ind\u00e9cence de Biden qui clame, entre autres inepties, vouloir guerroyer <em>\u00ab jusqu\u2019au dernier ukrainien \u00bb<\/em> ? <br \/>Tout est pitoyable dans cette tribune. <br \/>Ceci ne saurait \u00eatre complet si on ne dit mot de Noam Chomsky. Cet homme qui a remarquablement analys\u00e9 la <em>\u00ab\u00a0fabrique du consentement\u00a0\u00bb<\/em> avant de tomber des deux pieds dans le panneau qu\u2019il avait d\u00e9nonc\u00e9. Ce m\u00eame intellectuel qui r\u00e9clama il y a peu l\u2019internement des \u00ab\u00a0non vaccin\u00e9s\u00a0\u00bb (lire\u00a0: <i>non inject\u00e9s avec les substances que Pfizer et autres ont qualifi\u00e9 de \u00ab vaccins \u00bb<\/i>) ! D\u00e9cid\u00e9ment, &#8230;tomb\u00e9 bien bas, il poursuit sa chute.\u00a0\u00a0\u00a0\u00a0 <\/span><\/p>\n<p><span style=\"font-family: Cambria, serif; font-size: 18pt;\">AD<\/span><\/p>\n<p style=\"text-align: center;\">=========<\/p>\n<p><strong>Appel de quatre-vingt intellectuels, \u00ab ne nous trompons pas de combat, il faut soutenir les ukrainiens sans calcul ni r\u00e9serve \u00bb<\/strong><\/p>\n<p><a href=\"_wp_link_placeholder\" data-wplink-edit=\"true\">https:\/\/www.lemonde.fr\/idees\/article\/2022\/04\/18\/l-appel-de-80-intellectuels-ne-nous-trompons-pas-de-combat-il-faut-soutenir-les-ukrainiens-sans-calcul-ni-reserve_6122656_3232.html<\/a>\u00a0<\/p>\n<p style=\"text-align: right;\"><span style=\"color: #000000;\"><span style=\"font-family: Cambria, serif;\"><span style=\"font-size: large;\">Lundi 18 Avril 2022<\/span><\/span><\/span><\/p>\n<p><span style=\"color: #000000;\"><span style=\"font-family: Cambria, serif;\"><span style=\"font-size: large;\">Plus de quatre-vingts \u00e9crivains et universitaires de pays dont la population est plut\u00f4t favorable \u00e0 Vladimir Poutine, parmi lesquels l&rsquo;indienne Arundhati Roy, la libanaise Hanan al Cheikh, la tunisienne Sophie Bessis et le nig\u00e9rian Wole Soyinka, prix Nobel de litt\u00e9rature, demandent dans une tribune au Monde \u00e0 tous ceux qui r\u00e9clament pour eux la libert\u00e9 de soutenir les ukrainiens.<\/span><\/span><\/span><\/p>\n<p><span style=\"color: #000000;\"><span style=\"font-family: Cambria, serif;\"><span style=\"font-size: large;\">Depuis Jeudi 24 F\u00e9vrier 2022, Vladimir Poutine m\u00e8ne une guerre de conqu\u00eate contre l\u2019Ukraine. Son arm\u00e9e bombarde et d\u00e9truit les villes et elle tue des civils par milliers, comme elle l\u2019a fait en Tch\u00e9tch\u00e9nie et en Syrie. Les ukrainiens r\u00e9sistent. Il faut les soutenir sans calcul ni r\u00e9serve.<\/span><\/span><\/span><\/p>\n<p><span style=\"color: #000000;\"><span style=\"font-family: Cambria, serif;\"><span style=\"font-size: large;\">Dans la plupart de nos pays pourtant, une trop grande partie de l\u2019opinion s\u2019est rang\u00e9e du c\u00f4t\u00e9 du dictateur russe. Au nom d\u2019un anti-imp\u00e9rialisme qui s\u2019est mu\u00e9 au fil des ans en haine passionnelle, elle applaudit quiconque s\u2019oppose \u00e0 l\u2019occident.<\/span><\/span><\/span><\/p>\n<p><span style=\"color: #000000;\"><span style=\"font-family: Cambria, serif;\"><span style=\"font-size: large;\">Nous mesurons l\u2019\u00e9crasante responsabilit\u00e9 des puissances occidentales petites et grandes dans la d\u00e9vastation de notre monde. Nous avons d\u00e9nonc\u00e9 les guerres qu\u2019elles ont men\u00e9es pour assurer la p\u00e9rennit\u00e9 de leur domination sur de vastes r\u00e9gions, dont les n\u00f4tres, et nous avons condamn\u00e9 leur d\u00e9fense de dictatures ind\u00e9fendables pour prot\u00e9ger leurs int\u00e9r\u00eats. Nous savons leur usage s\u00e9lectif des valeurs dont elles se r\u00e9clament, laissant mourir \u00e0 leurs portes les r\u00e9fugi\u00e9s venant du sud et accueillant les leurs \u00e0 bras ouverts. Mais ne nous trompons pas de combat. Tous ceux qui r\u00e9clament pour eux la libert\u00e9 et qui croient dans le droit des citoyens \u00e0 choisir leurs dirigeants et \u00e0 refuser la tyrannie doivent soutenir les ukrainiens. La libert\u00e9 doit \u00eatre d\u00e9fendue partout.<\/span><\/span><\/span><\/p>\n<p><span style=\"color: #000000;\"><span style=\"font-family: Cambria, serif;\"><span style=\"font-size: large;\">Pour notre part, nous refusons de soutenir quelque dictature que ce soit au pr\u00e9texte que ses adversaires seraient nos ennemis. A d\u00e9fendre la guerre de Vladimir Poutine, nous nous privons de notre propre droit \u00e0 \u00eatre libres.<\/span><\/span><\/span><\/p>\n<p><span style=\"color: #000000;\"><span style=\"font-family: Cambria, serif;\"><span style=\"font-size: large;\">Premiers signataires<\/span><\/span><\/span><\/p>\n<p><span style=\"color: #000000;\"><span style=\"font-family: Cambria, serif;\"><span style=\"font-size: large;\">Gilbert Achcar, Souhayr Belhassen, Akram Belka\u00efd, Tahar Ben Jelloun, Ali Bensaad, <strong>Noam Chomsky<\/strong>, Amira Hass, Kamel Jendoubi, Abdellatif Laabi, Ziad Majed, Farouk Mardam Bey, Arundhati Roy, Le\u00efla Shahid, Wole Soyinka<\/span><\/span><\/span><\/p>\n","protected":false},"excerpt":{"rendered":"<p>Appel d&rsquo;un analphab\u00e8te. Contre la tribune de quatre-vingt intellectuels. 22\/04\/2022 \u00a0 Avec cette tribune (la lire ci dessous) on nage en plein d\u00e9lire. Mais un d\u00e9lire permis et encens\u00e9. Orwell avait bien vu que \u00ab il y a de telles absurdit\u00e9s que seuls des intellectuels peuvent y croire. \u00bb Nous pensons que ceux qui s\u2019expriment&#8230; <\/p>\n<div class=\"read-more navbutton\"><a href=\"https:\/\/faut-le-dire.fr\/index.php\/2022\/04\/22\/appel-dun-analphabete\/\">Lire la suite<i class=\"fa fa-angle-double-right\"><\/i><\/a><\/div>\n","protected":false},"author":1,"featured_media":0,"comment_status":"closed","ping_status":"open","sticky":false,"template":"","format":"standard","meta":{"footnotes":""},"categories":[1],"tags":[346,342,345,341,347,348,343,344,339,340,337,338],"class_list":["post-954","post","type-post","status-publish","format-standard","hentry","category-non-classe","tag-biden","tag-dombass","tag-etats-unis","tag-guerre","tag-guerre-par-procuration","tag-jusquau-dernier-ukrainien","tag-noam-chomski","tag-otan","tag-poutine","tag-russie","tag-ukraine","tag-zelenski"],"post_mailing_queue_ids":[],"_links":{"self":[{"href":"https:\/\/faut-le-dire.fr\/index.php\/wp-json\/wp\/v2\/posts\/954","targetHints":{"allow":["GET"]}}],"collection":[{"href":"https:\/\/faut-le-dire.fr\/index.php\/wp-json\/wp\/v2\/posts"}],"about":[{"href":"https:\/\/faut-le-dire.fr\/index.php\/wp-json\/wp\/v2\/types\/post"}],"author":[{"embeddable":true,"href":"https:\/\/faut-le-dire.fr\/index.php\/wp-json\/wp\/v2\/users\/1"}],"replies":[{"embeddable":true,"href":"https:\/\/faut-le-dire.fr\/index.php\/wp-json\/wp\/v2\/comments?post=954"}],"version-history":[{"count":6,"href":"https:\/\/faut-le-dire.fr\/index.php\/wp-json\/wp\/v2\/posts\/954\/revisions"}],"predecessor-version":[{"id":979,"href":"https:\/\/faut-le-dire.fr\/index.php\/wp-json\/wp\/v2\/posts\/954\/revisions\/979"}],"wp:attachment":[{"href":"https:\/\/faut-le-dire.fr\/index.php\/wp-json\/wp\/v2\/media?parent=954"}],"wp:term":[{"taxonomy":"category","embeddable":true,"href":"https:\/\/faut-le-dire.fr\/index.php\/wp-json\/wp\/v2\/categories?post=954"},{"taxonomy":"post_tag","embeddable":true,"href":"https:\/\/faut-le-dire.fr\/index.php\/wp-json\/wp\/v2\/tags?post=954"}],"curies":[{"name":"wp","href":"https:\/\/api.w.org\/{rel}","templated":true}]}}