{"id":901,"date":"2022-01-26T17:43:04","date_gmt":"2022-01-26T16:43:04","guid":{"rendered":"https:\/\/faut-le-dire.fr\/?p=901"},"modified":"2022-02-07T08:56:42","modified_gmt":"2022-02-07T07:56:42","slug":"le-monde-maintenant-4","status":"publish","type":"post","link":"https:\/\/faut-le-dire.fr\/index.php\/2022\/01\/26\/le-monde-maintenant-4\/","title":{"rendered":"le monde maintenant 4"},"content":{"rendered":"\n<p style=\"text-align: right;\" align=\"left\"><span style=\"font-family: Cambria, serif; font-size: 14pt; color: #999999;\">26\/01\/2020<\/span><\/p>\n<p align=\"left\">\u00a0<\/p>\n<p align=\"left\"><span style=\"font-family: Cambria, serif; font-size: 14pt; color: #999999;\">1 ___ On a dit et r\u00e9p\u00e9t\u00e9 que les soi disant <i>antivax,<\/i> c\u2019est \u00e0 dire les opposants \u00e0 la vaccination g\u00e9n\u00e9rale anticovid et aux instruments n\u00e9cessaires \u00e0 celle-ci (le passeport sanitaire puis vaccinal), \u00e9taient des individualistes soucieux de leur libert\u00e9 mais empi\u00e9tant sur celle des autres. L\u2019argument est banal et fr\u00e9quemment ressass\u00e9 quand on veut d\u00e9nigrer ceux qui invoquent de conserver leur libert\u00e9. Ceci n\u2019est donc que propagande bien entendu\u00a0: <u>il n\u2019y a pas plus de souci de soi-m\u00eame et d\u2019indiff\u00e9rence aux autres chez les <\/u><i><u>antivax<\/u><\/i><u> que chez les <\/u><i><u>provax<\/u><\/i><u>. <\/u><u>Ni moins.<\/u> <\/span><\/p>\n<p align=\"left\"><span style=\"font-family: Cambria, serif; font-size: 14pt; color: #999999;\">Par contre, la \u00ab\u00a0haine\u00a0\u00bb habilement orchestr\u00e9e et amplifi\u00e9e par la propagande gouvernementale, Macron en t\u00eate, \u00e0 l\u2019encontre des opposants atteint maintenant des sommets. Et m\u00eame s\u2019il y a eu quelques r\u00e9criminations et rancunes de la part des opposants vis \u00e0 vis d\u2019une presse aux ordres du pouvoir pendant les manifestations, elles sont bien peu de choses \u00e0 cot\u00e9 des lamentables incitations \u00e0 faire payer les soins par les non inject\u00e9s (1), \u00e0 ne pas les soigner et donc les laisser mourir. La propagande gouvernementale les a d\u00e9sign\u00e9s comme de v\u00e9ritables parasites. Les boucs \u00e9missaires de triste m\u00e9moire. <\/span><\/p>\n<p align=\"left\"><span style=\"font-size: 14pt; color: #999999;\"><span style=\"font-family: Cambria, serif;\">Ces extravagantes discriminations et ces accusations n\u2019<\/span><span style=\"font-family: Cambria, serif;\">\u00e9taient <\/span><span style=\"font-family: Cambria, serif;\">\u00e9videmment pas<\/span><span style=\"font-family: Cambria, serif;\"> sans arri\u00e8re pens\u00e9e. <\/span><span style=\"font-family: Cambria, serif;\">Il faut se souvenir que <\/span><span style=\"font-family: Cambria, serif;\"><u>l\u2019argument de sant\u00e9 publique<\/u><\/span><span style=\"font-family: Cambria, serif;\"> a \u00e9t\u00e9 utilis\u00e9 par les troupes allemandes d\u2019occupation en Pologne afin de d\u00e9signer les Juifs comme vecteurs de l\u2019\u00e9pid\u00e9mie de typhus qui y s\u00e9vissait. <\/span><span style=\"font-family: Cambria, serif;\">Certains diront que l\u2019antinazisme vient \u00e0 point nomm\u00e9. <\/span><span style=\"font-family: Cambria, serif;\">Point Godwin\u00a0? <\/span><span style=\"font-family: Cambria, serif;\">Rassurez vous\u00a0:<\/span> <span style=\"font-family: Cambria, serif;\">Winston Churchill \u00e0 la fin des ann\u00e9es 1920, <\/span><span style=\"font-family: Cambria, serif;\">\u00e9voque <\/span><span style=\"font-family: Cambria, serif;\">ainsi la Russie communiste\u00a0: <\/span><span style=\"font-family: Cambria, serif;\">\u00ab <\/span><span style=\"font-family: Cambria, serif;\"><i>une Russie infect\u00e9e, une Russie porteuse de peste, une Russie de hordes arm\u00e9es non seulement brandissant ba\u00efonnettes et canons, mais accompagn\u00e9es et pr\u00e9c\u00e9d\u00e9es de vermine typhique pullulante<\/i><\/span><span style=\"font-family: Cambria, serif;\">. \u00bb <\/span><span style=\"font-family: Cambria, serif;\">Churchill, un lib\u00e9ral. <\/span><span style=\"font-family: Cambria, serif;\">La v\u00e9rit\u00e9 \u00e9tant que le typhus \u00e9tait <\/span><span style=\"font-family: Cambria, serif;\">aussi <\/span><span style=\"font-family: Cambria, serif;\">end\u00e9mique en Europe orientale <\/span><span style=\"font-family: Cambria, serif;\">que<\/span><span style=\"font-family: Cambria, serif;\"> la mis\u00e8re et les guerres <\/span><span style=\"font-family: Cambria, serif;\">(2)<\/span><span style=\"font-family: Cambria, serif;\">. Mais ni les juifs ni <\/span><span style=\"font-family: Cambria, serif;\">l<\/span><span style=\"font-family: Cambria, serif;\">es communistes <\/span><span style=\"font-family: Cambria, serif;\">n\u2019<\/span><span style=\"font-family: Cambria, serif;\">en \u00e9taient la cause et <\/span><span style=\"font-family: Cambria, serif;\">cependant <\/span><span style=\"font-family: Cambria, serif;\">il ne manquait pas de m\u00e9decins \u2013 <\/span><span style=\"font-family: Cambria, serif;\">\u00e0 la suite des <\/span><span style=\"font-family: Cambria, serif;\">politiciens \u2013 pour <\/span><span style=\"font-family: Cambria, serif;\">argument<\/span><span style=\"font-family: Cambria, serif;\">e<\/span><span style=\"font-family: Cambria, serif;\">r <\/span><span style=\"font-family: Cambria, serif;\">et<\/span><span style=\"font-family: Cambria, serif;\"> incriminer ces populations. De fait, le techno hygi\u00e9nisme qui s\u00e9vit aujourd\u2019hui dans les <\/span><span style=\"font-family: Cambria, serif;\">rangs du pouvoir politique, m\u00e9diatique et m\u00e9dical<\/span><span style=\"font-family: Cambria, serif;\"> d\u00e9signant les non inject\u00e9s comme responsables de l\u2019\u00e9pid\u00e9mie de covid n\u2019a aucune base scientifique. <\/span><span style=\"font-family: Cambria, serif;\">Il s\u2019agit d\u2019une politique que les macronistes (et la plupart des partis de droite et de gauche) mettent en \u0153uvre pour d\u00e9signer des coupables <\/span><span style=\"font-family: Cambria, serif;\">de leur choix<\/span><span style=\"font-family: Cambria, serif;\">. <\/span><span style=\"font-family: Cambria, serif;\">On a dit et redit <\/span><span style=\"font-family: Cambria, serif;\">ces derniers jours <\/span><span style=\"font-family: Cambria, serif;\">que les pays les plus inject\u00e9s\u00a0: <\/span><span style=\"font-family: Cambria, serif;\">France, Danemark, Portugal, etc <\/span><span style=\"font-family: Cambria, serif;\">\u00e9taient ceux qui comptaient les plus grands nombres de cas <\/span><span style=\"font-family: Cambria, serif;\">et de d\u00e9c\u00e8s (3).<\/span><span style=\"font-family: Cambria, serif;\"> M\u00eame les m\u00e9dias \u00e0 gros d\u00e9bit le disent aujourd\u2019hui tant la v\u00e9rit\u00e9 <\/span><span style=\"font-family: Cambria, serif;\">cr\u00e8ve <\/span><span style=\"font-family: Cambria, serif;\">les yeux<\/span><span style=\"font-family: Cambria, serif;\">.<\/span><\/span><\/p>\n<p align=\"left\"><span style=\"font-family: Cambria, serif; color: #999999;\"><span style=\"font-size: small;\">(1) \u00c0 ceux qui accusent les non inject\u00e9s <i>\u00ab\u00a0qui remplissent les h\u00f4pitaux\u00a0\u00bb<\/i> de faire crouler le budget de la S\u00e9curit\u00e9 Sociale on fera remarquer que les vaccins pour 90\u00a0% de la population (trois doses chaque pour le moment) co\u00fbtent tr\u00e8s cher et que les non inject\u00e9s paient aussi les cotisations de s\u00e9curit\u00e9 sociale. <\/span><\/span><\/p>\n<p align=\"left\"><span style=\"font-family: Cambria, serif; color: #999999;\"><span style=\"font-size: small;\">(2) <a style=\"color: #999999;\" href=\"http:\/\/www.msf-ureph.ch\/sites\/default\/files\/fichiers\/RDP_2005_14_1619.pdf\">http:\/\/www.msf-ureph.ch\/sites\/default\/files\/fichiers\/RDP_2005_14_1619.pdf<\/a> <\/span><\/span><\/p>\n<p align=\"left\"><span style=\"font-family: Cambria, serif; color: #999999;\"><span style=\"font-size: small;\">(3) <a style=\"color: #999999;\" href=\"https:\/\/ourworldindata.org\/covid-deaths\">h<\/a><a style=\"color: #999999;\" href=\"https:\/\/ourworldindata.org\/covid-deaths\">ttps:\/\/ourworldindata.org\/covid-deaths<\/a> Nombre de d\u00e9c\u00e8s par million d\u2019habitants dans chaque pays. Chaque point indique un jour.<br \/><\/span><\/span><\/p>\n<p align=\"left\"><img loading=\"lazy\" decoding=\"async\" class=\"alignnone  wp-image-902\" src=\"https:\/\/faut-le-dire.fr\/wp-content\/uploads\/2022\/01\/Screenshot-2022-01-26-at-16-48-07-Coronavirus-COVID-19-Deaths-300x118.png\" alt=\"\" width=\"611\" height=\"240\" srcset=\"https:\/\/faut-le-dire.fr\/wp-content\/uploads\/2022\/01\/Screenshot-2022-01-26-at-16-48-07-Coronavirus-COVID-19-Deaths-300x118.png 300w, https:\/\/faut-le-dire.fr\/wp-content\/uploads\/2022\/01\/Screenshot-2022-01-26-at-16-48-07-Coronavirus-COVID-19-Deaths-1024x403.png 1024w, https:\/\/faut-le-dire.fr\/wp-content\/uploads\/2022\/01\/Screenshot-2022-01-26-at-16-48-07-Coronavirus-COVID-19-Deaths-768x302.png 768w, https:\/\/faut-le-dire.fr\/wp-content\/uploads\/2022\/01\/Screenshot-2022-01-26-at-16-48-07-Coronavirus-COVID-19-Deaths.png 1251w\" sizes=\"auto, (max-width: 611px) 100vw, 611px\" \/><br \/><br \/><\/p>\n<p align=\"left\"><span style=\"font-family: Cambria, serif; font-size: 14pt; color: #999999;\">2 ___ Il est donc question pour les plus cyniques de laisser mourir ceux des non vaccin\u00e9s qui arrivent en r\u00e9animation, pour les moins m\u00e9chants de leur faire payer les frais relatifs aux soins ; pour un joyeux duo m\u00e9dico juridique il faudrait poursuivre en justice les non inject\u00e9s ! Difficile de ne pas voir la convergence ces derni\u00e8res semaines de tous ces discours et de faire abstraction de la haine sourde qu\u2019ils v\u00e9hiculent. <u>Dans ce cas,<\/u> \u2013 et contrairement \u00e0 la <i>haine<\/i> d\u00e9nonc\u00e9e par les m\u00eames et censur\u00e9e sur Youtube et autres \u2013 <u>il s\u2019agit d\u2019une haine <\/u><u>permise et m\u00eame souhaitable<\/u>\u00a0! sur Internet et dans les m\u00e9dias, aucun des vocif\u00e9rants habituels contre la <i>haine<\/i> (en ligne ou dans n\u2019importe quel m\u00e9dia) n\u2019est intervenu pour manifester sa <i>juste<\/i> indignation. Le fait est que cette <i>haine<\/i> ne pose aucun probl\u00e8me moral \u00e0 ces indign\u00e9s professionnels dont l\u2019indignation est tr\u00e8s circonstancielle. Dans ce cas, \u00e7a passe\u00a0! les \u00e9lucubrations du gouvernement lui-m\u00eame qui voulait \u2026 <i>\u00ab\u00a0bannir les discours de haine\u00a0\u00bb<\/i> en rajoute sans cesse.<i> \u00ab\u00a0faire porter tout le poids aux non inject\u00e9s\u00a0\u00bb<\/i> <i>\u00ab\u00a0j\u2019ai bien envie d\u2019emmerder les non inject\u00e9s\u00a0\u00bb<\/i> etc. Mais l\u00e0, nulle autorit\u00e9 gouvernementale ne semble s\u2019\u00e9mouvoir de cette <i>haine<\/i> manifeste\u00a0! Quant aux intellectuels et artistes \u2013 fer de lance de l\u2019anti <i>haine<\/i> \u2013 ils ne se bousculent pas pour protester non plus\u2026 quand ils ne viennent pas apporter leur eau (saum\u00e2tre) au moulin.<\/span><\/p>\n<p align=\"left\"><br \/><br \/><\/p>\n<p align=\"left\"><span style=\"font-size: 14pt; color: #999999;\"><span style=\"font-family: Cambria, serif;\">3<\/span> ___ <span style=\"font-family: Cambria, serif;\">U<\/span><span style=\"font-family: Cambria, serif;\">ne engeance <\/span><span style=\"font-family: Cambria, serif;\">un peu nouvelle <\/span><span style=\"font-family: Cambria, serif;\">se fait entendre. Des gens hostiles \u2013 et m\u00eame parfois farouchement \u2013 au passeport sanitaire ou vaccinal, mais \u2013 <\/span><span style=\"font-family: Cambria, serif;\"><i>en m\u00eame temps \u2013 <\/i><\/span><span style=\"font-family: Cambria, serif;\">piquouz\u00e9s <\/span><span style=\"font-family: Cambria, serif;\">trois<\/span><span style=\"font-family: Cambria, serif;\"> fois plut\u00f4t que <\/span><span style=\"font-family: Cambria, serif;\">deux<\/span><span style=\"font-family: Cambria, serif;\">, <\/span><span style=\"font-family: Cambria, serif;\">et qui <\/span><span style=\"font-family: Cambria, serif;\">d\u00e9fendent <\/span><span style=\"font-family: Cambria, serif;\"><i>en m\u00eame temps<\/i><\/span> <span style=\"font-family: Cambria, serif;\">la <\/span><span style=\"font-family: Cambria, serif;\"><i>vaccin<\/i><\/span><span style=\"font-family: Cambria, serif;\"><i>ation<\/i><\/span><span style=\"font-family: Cambria, serif;\"> obligatoire <\/span><span style=\"font-family: Cambria, serif;\">(1)<\/span><span style=\"font-family: Cambria, serif;\">&#8230;<\/span><span style=\"font-family: Cambria, serif;\">mesure qui serait plus coh\u00e9rente.<\/span><\/span><\/p>\n<p><span style=\"font-size: 14pt; color: #999999;\"><span style=\"font-family: Cambria, serif;\">On peut <\/span><span style=\"font-family: Cambria, serif;\">s<\/span><span style=\"font-family: Cambria, serif;\">e r\u00e9jouir de voir des alli\u00e9s ainsi surgir quand il s\u2019agit de s\u2019opposer au <\/span><span style=\"font-family: Cambria, serif;\"><u>passeport vaccinal<\/u><\/span><span style=\"font-family: Cambria, serif;\">, premier pas vers <\/span><span style=\"font-family: Cambria, serif;\"><u>le \u2018wallet\u2019 europ\u00e9en <\/u><\/span><span style=\"font-family: Cambria, serif;\"><u>[= le passeport digital europ\u00e9en accept\u00e9 par tous les gouvernements<\/u><\/span><span style=\"font-family: Cambria, serif;\"> et qui va \u00eatre mis en \u0153uvre progressivement]<\/span><span style=\"font-family: Cambria, serif;\">, <\/span><span style=\"font-family: Cambria, serif;\">lui-m\u00eame <\/span><span style=\"font-family: Cambria, serif;\">petit cousin du cr\u00e9dit social chinois. \u00c0 ce sujet, il faut noter que <\/span><span style=\"font-family: Cambria, serif;\">no<\/span><span style=\"font-family: Cambria, serif;\">s <\/span><span style=\"font-family: Cambria, serif;\">amis <\/span><span style=\"font-family: Cambria, serif;\">qu\u00e9b\u00e9cois ont <\/span><span style=\"font-family: Cambria, serif;\">r\u00e9cemment <\/span><span style=\"font-family: Cambria, serif;\">fait un pas de plus <\/span><span style=\"font-family: Cambria, serif;\">dans <\/span><span style=\"font-family: Cambria, serif;\">la<\/span><span style=\"font-family: Cambria, serif;\"> direction <\/span><span style=\"font-family: Cambria, serif;\">de l\u2019 \u00ab\u00a0emp<\/span><span style=\"font-family: Cambria, serif;\">i<\/span><span style=\"font-family: Cambria, serif;\">re num\u00e9rique\u00a0\u00bb<\/span><span style=\"font-family: Cambria, serif;\">\u00a0:<\/span><span style=\"font-family: Cambria, serif;\"><i> \u00ab\u00a0<\/i><\/span><em><span style=\"font-family: Cambria, serif;\"><i>Le gouvernement envisage d\u2019inclure des documents financiers \u00e0 votre identifiant num\u00e9rique.\u00a0\u00bb<\/i><\/span><\/em> <span style=\"font-family: Cambria, serif;\">E<\/span><span style=\"font-family: Cambria, serif;\">t plus pr\u00e9cis\u00e9ment <\/span><em><span style=\"font-family: Cambria, serif;\"><i>\u00ab\u00a0<\/i><\/span><\/em><em><span style=\"font-family: Cambria, serif;\">Le portefeuille d\u2019identit\u00e9 num\u00e9rique <\/span><\/em><span style=\"font-family: Cambria, serif;\">[ <\/span><span style=\"font-family: Cambria, serif;\">= <\/span><span style=\"font-family: Cambria, serif;\">\u2018<\/span><span style=\"font-family: Cambria, serif;\">digital<\/span> <span style=\"font-family: Cambria, serif;\">wallet\u2019 , &#8230;<\/span><span style=\"font-family: Cambria, serif;\">en fran\u00e7ais\u00a0!]<\/span> <em><span style=\"font-family: Cambria, serif;\">doit inclure les pi\u00e8ces d\u2019identit\u00e9 \u00e9mises par le gouvernement du Qu\u00e9bec comme la carte d\u2019assurance-maladie, le certificat de naissance ou le permis de conduire. Le gouvernement m\u00e8ne des discussions avec des institutions financi\u00e8res&#8230;\u00a0\u00bb <\/span><\/em><em><span style=\"font-family: Cambria, serif;\">(<\/span><\/em><em><span style=\"font-family: Cambria, serif;\">2<\/span><\/em><em><span style=\"font-family: Cambria, serif;\">) <\/span><\/em><span style=\"font-family: Cambria, serif;\">Pour c<\/span><span style=\"font-family: Cambria, serif;\">eux qui parlaient sur un ton accusateur de parano\u00efa \u2013 <\/span><span style=\"font-family: Cambria, serif;\">et de complotisme, &#8230;bien s\u00fbr \u2013 <\/span><span style=\"font-family: Cambria, serif;\">quand on d\u00e9non\u00e7ait, <\/span><span style=\"font-family: Cambria, serif;\">lors de l\u2019instauration du passeport sanitaire en ao\u00fbt dernier, <\/span><span style=\"font-family: Cambria, serif;\">ce croisement des fichiers informatiques sur lequel notre CNIL est toujours charg\u00e9e de veiller &#8230;voil\u00e0 qui <\/span><span style=\"font-family: Cambria, serif;\">devrait les <\/span><span style=\"font-family: Cambria, serif;\">d\u00e9range<\/span><span style=\"font-family: Cambria, serif;\">r\u00a0!<\/span> <span style=\"font-family: Cambria, serif;\">Ce qui se passe au Qu\u00e9bec <\/span><span style=\"font-family: Cambria, serif;\">ne peut qu\u2019annoncer <\/span><span style=\"font-family: Cambria, serif;\">ce qui point en France. <\/span><span style=\"font-family: Cambria, serif;\">Ah, q<\/span><span style=\"font-family: Cambria, serif;\">u\u2019il est difficile d\u2019ouvrir les yeux pour voir ce qu\u2019on se refuse \u00e0 voir\u00a0!<\/span><\/span><\/p>\n<p><span style=\"color: #999999;\"><span style=\"font-family: Cambria, serif;\"><span style=\"font-size: small;\">(1) <\/span><\/span><span style=\"font-family: Cambria, serif;\"><span style=\"font-size: small;\">Certains \u2018grands penseurs\u2019 strat\u00e9giques pourraient nous r\u00e9v\u00e9ler qu\u2019ils sont en connivence avec Macron pour <\/span><\/span><span style=\"font-family: Cambria, serif;\"><span style=\"font-size: small;\">l\u2019aider \u00e0 <\/span><\/span><span style=\"font-family: Cambria, serif;\"><span style=\"font-size: small;\">franchir le pas de l\u2019obligation qu\u2019il semble d\u00e9cid\u00e9ment avoir du mal \u00e0 franchir <\/span><\/span><span style=\"font-family: Cambria, serif;\"><span style=\"font-size: small;\">mais\u2026<\/span><\/span><\/span><\/p>\n<p><span style=\"color: #999999;\"><span style=\"font-family: Cambria, serif;\"><span style=\"font-size: small;\">(<\/span><\/span><span style=\"font-family: Cambria, serif;\"><span style=\"font-size: small;\">2<\/span><\/span><span style=\"font-family: Cambria, serif;\"><span style=\"font-size: small;\">) <\/span><\/span> <a style=\"color: #999999;\" href=\"https:\/\/www.msn.com\/fr-ca\/actualites\/quebec-canada\/qu%C3%A9bec-envisage-dinclure-des-documents-financiers-%C3%A0-votre-identifiant-num%C3%A9rique\/ar-AASxB97?li=AAayzNa\"><span style=\"font-family: Cambria, serif;\"><span style=\"font-size: small;\">https:\/\/www.msn.com\/fr-ca\/actualites\/quebec-canada\/qu%C3%A9bec-envisage-dinclure-des-documents-financiers-%C3%A0-votre-identifiant-num%C3%A9rique\/ar-AASxB97?li=AAayzNa<\/span><\/span><\/a><\/span><\/p>\n<p align=\"left\"><br \/><br \/><\/p>\n<p align=\"left\"><span style=\"font-family: Cambria, serif; font-size: 14pt; color: #999999;\">4 ___ Le complotisme est une bien belle invention. Remarquablement adapt\u00e9e \u00e0 la situation que nous vivons en tous cas. L\u2019ennui, c\u2019est que \u00e7a n\u2019a qu\u2019un temps. Ce qui est complotiste un jour devient la r\u00e9alit\u00e9 quelque temps apr\u00e8s. \u00c9coutez ce pauvre V\u00e9ran dire avec son plus grand s\u00e9rieux que notre tradition <u>\u00e9galitaire<\/u> et m\u00eame <u>\u00e9galitariste<\/u> en France est telle qu\u2019il ne peut \u00eatre question de trier la population selon des crit\u00e8res vaccinaux et d\u2019interdire certaines cat\u00e9gories d\u2019acc\u00e9der \u00e0 certains lieux. C\u2019\u00e9tait quelques semaines avant l\u2019instauration du passeport sanitaire\u2026 Mais il ne risque pas grand-chose \u00e0 mentir de la sorte, les cerveaux sont si engourdis par la peur que la m\u00e9moire des faits en fait les frais\u00a0! <br \/>On l\u2019a vu aussi avec l\u2019origine du Covid\u00a0: \u00e7a y est, ce n\u2019est pas encore v\u00e9rit\u00e9 officielle mais on n\u2019est plus complotiste si on dit que l\u2019origine du virus est humaine avec le labo de Wuhan comme lieu de naissance. Le minist\u00e8re de la V\u00e9rit\u00e9 (par l\u2019entremise de fessebouc, youtube, touitteur, etc ) ne censure plus ce genre de propos, les preuves sont maintenant trop lourdes. <br \/>Il lui en reste tant d\u2019autres \u00e0 censurer qu\u2019on peut se demander si Fessebouc n\u2019est pas plut\u00f4t une officine propre \u00e0 censurer plus qu\u2019un moyen d\u2019expression. Le d\u00e9bat est ouvert&#8230; On peut quand m\u00eame s\u2019\u00e9tonner que ces machines terr\u00e9es dans leur silicon valley, qui trient les messages selon qu\u2019ils sont \u00ab de haine \u00bb ou pas, avec des crit\u00e8res qui leur sont propres (si peu propres, en fait) ne soient pas mises en question. Car tout de m\u00eame, ces boutiques obscures o\u00f9 l\u2019on s\u00e9lectionne les bonnes pens\u00e9es et les mauvaises, voil\u00e0 une image saisissante du complot (&#8230;des machines) ! Ce qui les sauve \u2013 r\u00e9p\u00e9tons-le \u2013 c\u2019est que ces machines-l\u00e0 savent \u2013 pertinentes qu\u2019elles sont ! \u2013 o\u00f9 se situe le Bien et le Mal au contraire de la multitude des humains qui errent compl\u00e8tement avec ses jugements trop souvent immoraux. Les machines sauvent les humains qui sont si peu fiables, si influen\u00e7ables. Comment ne pas \u00eatre transhumaniste dans ces conditions\u2026 \u00e7a tombe bien, on peut ici se souvenir que, justement, Fessebouc et les autres coquins cit\u00e9s au dessus sont parmi les plus ardents promoteurs du transhumanisme. <\/span><\/p>\n<p align=\"left\"><br \/><br \/><\/p>\n<p align=\"left\"><span style=\"font-family: Cambria, serif; font-size: 14pt; color: #999999;\">5 ___ Revenons \u00e0 ces gens qui sont, malgr\u00e9 leur opposition au passeport vaccinal, en plein dans le discours techno hygi\u00e9niste dominant. Ils croient que la vaccination peut les \u00ab sauver \u00bb m\u00eame s\u2019ils mettent quelques b\u00e9mols &#8230;\u2018en th\u00e9orie\u2019. Justement \u00e0 ce sujet, ils r\u00e9p\u00e8tent comme des perroquets que les opposants \u00e0 la vaccination (quasi obligatoire) sont \u2013 aussi \u2013 des esprits brumeux et irrationnels. Sans jamais \u00e9videmment le d\u00e9montrer car, ils sont suspendus \u00e0 leur propre sentiment de sup\u00e9riorit\u00e9 &#8230;morale ! &#8230;et intellectuelle ! ils vivent dans leur bulle o\u00f9 ils <i>bullent<\/i> pour leur sant\u00e9 et ne rencontrent gu\u00e8re les opposants pour savoir ce qu\u2019ils ont en t\u00eate. <\/span><\/p>\n<p align=\"left\"><span style=\"font-family: Cambria, serif; font-size: 14pt; color: #999999;\">Quand ils entendent parler des opposants, c\u2019est pour en d\u00e9noncer l\u2019inconscience et la malignit\u00e9. Ils conspuent, par exemple, ceux qui lancent des mottes de terre contre leur d\u00e9put\u00e9 \u00e0 St Pierre &amp; Miquelon, bien assis qu\u2019ils sont dans leur fauteuil devant la t\u00e9l\u00e9 ou carr\u00e9ment dans les studios de t\u00e9l\u00e9\u00a0; sans jamais avoir pris le moindre risque dans leurs prises de position tant ils sont conformes \u00e0 la doctrine dominante. Et sans, bien s\u00fbr, avoir jamais agi \u00e0 l\u2019encontre des positions qu\u2019ils d\u00e9noncent. Mais que me dites-vous l\u00e0\u00a0? Ces gens-l\u00e0 <i>pensent<\/i>, ils n\u2019agissent pas. Et, en plus, ils sont pay\u00e9s \u2013 grassement \u2013 pour <i>penser<\/i>. Ou faire semblant\u00a0? <\/span><\/p>\n<p align=\"left\"><span style=\"font-family: Cambria, serif; color: #999999;\"><span style=\"font-size: small;\"><span style=\"font-size: 14pt;\">On ne va pas demander \u00e0 ceux qui bectent dans la mangeoire du pouvoir de passer \u00e0 l\u2019action directe\u2026 rassurez-vous\u00a0! La candeur a des limites. Mais tout de m\u00eame que ces poules mouill\u00e9es restent \u00e0 caqueter dans leur basse cour et s\u2019abstiennent de donner des le\u00e7ons de civisme \u00e0 ceux qui vont au bout de leurs convictions. On pourrait leur rappeler qu\u2019 <i>\u00ab\u00a0<\/i><i>i<\/i><i>l n\u2019y a pas de libert\u00e9 sans courage.\u00a0\u00bb<\/i> (1)<\/span> <\/span><\/span><\/p>\n<p align=\"left\"><span style=\"font-family: Cambria, serif; color: #999999;\"><span style=\"font-size: small;\">(1) P\u00e9ricl\u00e8s cit\u00e9 par Thucydide, La guerre du P\u00e9loponn\u00e8se <\/span><\/span><\/p>\n<p align=\"left\"><br \/><br \/><\/p>\n<p align=\"left\"><span style=\"font-family: Cambria, serif; font-size: 14pt; color: #999999;\">6 ___ L\u2019acquiescement \u00e0 la vaccination est encore <i>m\u00e9diatiquement<\/i> quasi obligatoire (1) \u2013 contrairement \u00e0 l\u2019opposition au passe <i>vaccinal <\/i>pour lequel le Spectacle donne l\u2019autorisation de prendre ses distances. Donc ils ne peuvent pas entrouvrir leur esprit \u00e0 autre chose. Limite \u00e0 ne pas franchir. Ils ont le droit de s\u2019opposer (dans la douceur feutr\u00e9 des studios t\u00e9l\u00e9, bien s\u00fbr) au passe mais &#8230;pas \u00e0 la <i>vaccination<\/i><i>\u00a0<\/i>! <\/span><\/p>\n<p align=\"left\"><span style=\"font-family: Cambria, serif; font-size: 14pt; color: #999999;\">Parall\u00e8lement, les journalistes E. L\u00e9vy, D. Pujadas, etc, les m\u00e9decins t\u00e9l\u00e9visuels comme M. Blachier ont vu leur \u00e9difice conceptuel s\u2019effondrer \u2013 m\u00eame sur les plateaux t\u00e9l\u00e9 on peut dire aujourd\u2019hui que les vaccins n\u2019emp\u00eachent en rien la contamination\u00a0; \u00e7a y est, on n\u2019est plus complotiste maintenant, l\u00e0 non plus\u00a0! \u2013 et que les justifications pour les divers \u2018passeports\u2019 mis en place par le gouvernement ne peuvent plus \u00eatre justifi\u00e9s, ils craquent donc du cot\u00e9 du passeport vaccinal. Mais tout de m\u00eame&#8230; <i>\u00ab\u00a0le vaccin est efficace <\/i><i>contre<\/i><i> les formes graves\u00a0\u00bb<\/i>, r\u00e9p\u00e8tent-ils en ch\u0153ur. Il suffit de se reporter au graphique au dessus pour s\u2019apercevoir que non\u00a0! Macron a trouv\u00e9 avec ceux-l\u00e0 une opposition spectaculaire, de fa\u00e7ade, affichable, lisse et pr\u00e9sentable.<\/span><\/p>\n<p align=\"left\"><span style=\"font-family: Cambria, serif; font-size: 14pt; color: #999999;\">Ce refrain\u00a0: <i>\u00ab\u00a0<\/i><i>je suis vaccin\u00e9\u00a0\u00bb<\/i>, est d\u2019ailleurs ass\u00e9n\u00e9 syst\u00e9matiquement au d\u00e9but de chaque tirade par les journalistes quand il est question des &#8230;<i>vaccin<\/i><i>s<\/i>. Mentionnant m\u00eame le nombre de doses. <u>Il faut, avant toute chose, se d\u00e9clarer du c\u00f4t\u00e9 <\/u><u>du Bien\u00a0; <\/u><u>et<\/u><u> la morale est sauve<\/u>. Surtout, ne vous m\u00e9prenez pas, ne nous confondez pas avec les <i>antivax<\/i> (2) m\u00eame si on s\u2019enhardit \u00e0 \u00e9mettre quelques r\u00e9serves sur la bienpensance\u00a0! Histoire de laisser penser que, quand m\u00eame, on est libre\u2026 Voil\u00e0 bien la seule chose \u00e0 laquelle les tenants de la vaccination (obligatoire ou pas) peuvent se raccrocher pour \u00e9viter la chute dans le n\u00e9ant. Dans la fa\u00e7on qu\u2019ils ont de prendre une certaine distance avec la doxa (= doctrine) on voit une ligne \u00e0 ne pas franchir. <\/span><\/p>\n<p align=\"left\"><span style=\"font-family: Cambria, serif; color: #999999;\"><span style=\"font-size: small;\"><span style=\"font-size: 14pt;\">Ces gens sont dangereux car certains parmi les opposants croient \u00e0 des alli\u00e9s contre le covidisme alors qu\u2019ils en sont des agents. M\u00eame si on se r\u00e9jouit d\u2019un soutien circonstanciel la seule strat\u00e9gie appropri\u00e9e est de s\u2019en m\u00e9fier comme du lait sur le feu. Que Zemmour puisse dire que <i>\u00ab\u00a0\u00e7a ne l\u2019emb\u00eate pas plus que \u00e7a de montrer son passe\u00a0\u00bb<\/i> et de dire dans la phrase d\u2019apr\u00e8s\u00a0: <i>\u00ab\u00a0le probl\u00e8me pos\u00e9 par le passe sanitaire est un vrai probl\u00e8me\u00a0!\u00a0\u00bb<\/i> donne une id\u00e9e du grand \u00e9cart auquel il s\u2019adonne. M\u00e9lenchon, lui, est engag\u00e9 pour une d\u00e9mocratisation de la &#8230;<i>vaccination<\/i>. Que les <i>malheureux<\/i> gens des dits \u2018quartiers populaires\u2019 ne puissent pas \u2018<i>b\u00e9n\u00e9ficier<\/i>\u2019 (sic\u00a0!) de la &#8230;<i>vaccination<\/i> lui parait r\u00e9voltant (3). Idem pour le continent africain qui ne demande rien\u00a0! Et le passeport vaccinal pour lui est seulement &#8230;inutile (4).<\/span> <\/span><\/span><\/p>\n<p align=\"left\"><span style=\"color: #999999;\"><span style=\"font-family: Cambria, serif;\"><span style=\"font-size: small;\">(1) <\/span><\/span><span style=\"font-family: Cambria, serif;\"><span style=\"font-size: small;\">peu de<\/span><\/span><span style=\"font-family: Cambria, serif;\"><span style=\"font-size: small;\"> journaliste<\/span><\/span><span style=\"font-family: Cambria, serif;\"><span style=\"font-size: small;\">s<\/span><\/span> <span style=\"font-family: Cambria, serif;\"><span style=\"font-size: small;\">reste<\/span><\/span><span style=\"font-family: Cambria, serif;\"><span style=\"font-size: small;\">nt<\/span><\/span><span style=\"font-family: Cambria, serif;\"><span style=\"font-size: small;\"> \u2013 \u00e0 ma connaissance \u2013 fid\u00e8le<\/span><\/span><span style=\"font-family: Cambria, serif;\"><span style=\"font-size: small;\">s<\/span><\/span><span style=\"font-family: Cambria, serif;\"><span style=\"font-size: small;\"> \u00e0 <\/span><\/span><span style=\"font-family: Cambria, serif;\"><span style=\"font-size: small;\">l\u2019<\/span><\/span><span style=\"font-family: Cambria, serif;\"><span style=\"font-size: small;\">opposition aux injections\u00a0: Ivan Rioufol, qui \u00e9crit <\/span><\/span><span style=\"font-family: Cambria, serif;\"><span style=\"font-size: small;\">dans le <\/span><\/span><span style=\"font-family: Cambria, serif;\"><span style=\"font-size: small;\">Figaro et <\/span><\/span><span style=\"font-family: Cambria, serif;\"><span style=\"font-size: small;\">cause<\/span><\/span> <span style=\"font-family: Cambria, serif;\"><span style=\"font-size: small;\">sur<\/span><\/span><span style=\"font-family: Cambria, serif;\"><span style=\"font-size: small;\"> Cnews. <\/span><\/span><span style=\"font-family: Cambria, serif;\"><span style=\"font-size: small;\">Marc Menant de Cnews et <\/span><\/span><span style=\"font-family: Cambria, serif;\"><span style=\"font-size: small;\">Charlotte d&rsquo;Ornellas <\/span><\/span><span style=\"font-family: Cambria, serif;\"><span style=\"font-size: small;\">\u00e0 Valeurs Actuelles. Deux sur trois marqu\u00e9s \u00e0 droite voire tr\u00e8s \u00e0 droite. P<\/span><\/span><span style=\"font-family: Cambria, serif;\"><span style=\"font-size: small;\">eu de gens de gauche sont, \u00e0 notre connaissance, aussi impliqu\u00e9s. Toutefois une tribune \u00e9crite par des artistes au contenu clairement oppos\u00e9 au covidisme et bien argument\u00e9e a \u00e9t\u00e9 produite sur un blog de m\u00e9diapart ! Esp\u00e9rons que la direction dudit m\u00e9dia ne fera pas de la censure comme avec celle de L. Mucchielli <\/span><\/span><span style=\"font-family: Cambria, serif;\"><span style=\"font-size: small;\">l\u2019an dernier, <\/span><\/span><span style=\"font-family: Cambria, serif;\"><span style=\"font-size: small;\">qui avait \u00e9t\u00e9 purement et simplement <\/span><\/span><span style=\"font-family: Cambria, serif;\"><span style=\"font-size: small;\">supprim\u00e9e du site<\/span><\/span><span style=\"font-family: Cambria, serif;\"><span style=\"font-size: small;\">.<\/span><\/span><\/span><\/p>\n<p align=\"left\"><span style=\"font-family: Cambria, serif; color: #999999;\"><span style=\"font-size: small;\">(2) <i>antivax<\/i> est l\u2019\u00e9tiquette que les pouvoirs (m\u00e9diatiques surtout) mettent sur l\u2019opposition \u00e0 la vaccination g\u00e9n\u00e9rale et au passeport sanitaire et\/ou vaccinal. En fait, tr\u00e8s peu parmi ceux qui d\u00e9filent, ceux qui prennent la parole ou la plume sont anti vaccin. L\u2019immense majorit\u00e9 s\u2019opposent seulement aux (pr\u00e9tendus) <i>vaccins<\/i> contre le covid. Pas aux autres, aux vrais vaccins. Cela permet au pouvoir de placer le d\u00e9bat l\u00e0 o\u00f9, en fait, il n\u2019est pas. Une fois de plus.<\/span><\/span><\/p>\n<p align=\"left\"><span style=\"color: #999999;\"><span style=\"font-family: Cambria, serif;\"><span style=\"font-size: small;\">(3) on voit dans tout ce texte et surtout dans ces derni\u00e8res phrases \u00e0 quel point les mots sont biais\u00e9s : <\/span><\/span><span style=\"font-family: Cambria, serif;\"><span style=\"font-size: small;\"><i>Vaccins, <\/i><i>vaccination<\/i> ? \u2013 S\u2019agit-il bien de cela\u00a0? <\/span><\/span><span style=\"font-family: Cambria, serif;\"><span style=\"font-size: small;\">Quartiers populaires ? \u2013 S\u2019agit-il bien de cela ? <\/span><\/span><span style=\"font-family: Cambria, serif;\"><span style=\"font-size: small;\">B\u00e9n\u00e9ficier\u00a0? Ont-ils r\u00e9clam\u00e9 quoi que ce soit\u00a0?<\/span><\/span><\/span><\/p>\n<p align=\"left\"><span style=\"font-family: Cambria, serif; color: #999999;\"><span style=\"font-size: small;\">(4) il en oublierait m\u00eame que 20\u00a0% de la population fran\u00e7aise s\u2019est fait <i>vacciner<\/i> entre fin juillet et d\u00e9but septembre &#8230;pour \u00e9chapper \u00e0 la marginalisation \u00e0 laquelle am\u00e8nerait l\u2019imposition du passeport sanitaire. Et pas du tout parce qu\u2019ils voyaient un int\u00e9r\u00eat sanitaire aux injections\u00a0! Depuis septembre 2021 du reste, tr\u00e8s peu de gens se sont fait inject\u00e9s. <\/span><\/span><\/p>\n<p align=\"left\"><br \/><br \/><\/p>\n<p align=\"left\"><span style=\"font-size: 14pt; color: #999999;\"><span style=\"font-family: Cambria, serif;\">7 ___ Il semble bien aujourd\u2019hui, apr\u00e8s ces presque deux ans de <\/span><span style=\"font-family: Cambria, serif;\">mesures dites sanitaires dues au <\/span><span style=\"font-family: Cambria, serif;\">covid, que <\/span><span style=\"font-family: Cambria, serif;\">l\u2019\u00e9v\u00e9nement <\/span><span style=\"font-family: Cambria, serif;\">politique <\/span><span style=\"font-family: Cambria, serif;\">majeur est que les lib\u00e9raux de droite comme de gauche font peu de cas de la libert\u00e9. Les <\/span><span style=\"font-family: Cambria, serif;\">opposants les<\/span><span style=\"font-family: Cambria, serif;\"> plus mordus<\/span><span style=\"font-family: Cambria, serif;\"> \u00e0<\/span><span style=\"font-family: Cambria, serif;\"> la libert\u00e9 \u00e9tant bien s\u00fbr \u00e0 gauche. <\/span><span style=\"font-family: Cambria, serif;\">I<\/span><span style=\"font-family: Cambria, serif;\">ls sont progressistes et donc dans le sens <\/span><span style=\"font-family: Cambria, serif;\">(unique, obligatoire) <\/span><span style=\"font-family: Cambria, serif;\">de l\u2019histoire. <\/span><span style=\"font-family: Cambria, serif;\">Ceci procure un privil\u00e8ge car de toute fa\u00e7on l\u2019histoire nous m\u00e8ne \u2013 qu\u2019on le veuille ou non\u00a0! \u2013 \u00e0 cette vaccination. <\/span><span style=\"font-family: Cambria, serif;\">Pensent-ils. <\/span><span style=\"font-family: Cambria, serif;\">Seules les t\u00eates molles <\/span><span style=\"font-family: Cambria, serif;\">(<\/span><span style=\"font-family: Cambria, serif;\">ou trop dures) n\u2019y vont pas. Mais c\u2019est parce que, eux, les <\/span><span style=\"font-family: Cambria, serif;\">plus <\/span><span style=\"font-family: Cambria, serif;\">intelligents n\u2019ont pas <\/span><span style=\"font-family: Cambria, serif;\">avan<\/span><span style=\"font-family: Cambria, serif;\">c\u00e9 <\/span><span style=\"font-family: Cambria, serif;\">leurs <\/span><span style=\"font-family: Cambria, serif;\">justes arguments<\/span> <span style=\"font-family: Cambria, serif;\">avec assez de p\u00e9dagogie. <\/span><span style=\"font-family: Cambria, serif;\">L<\/span><span style=\"font-family: Cambria, serif;\">e pr\u00e9c\u00e9dent pr\u00e9sident LREM de l\u2019Assembl\u00e9e Nationale, <\/span>Gilles Le Gendre, <span style=\"font-family: Cambria, serif;\">avait d\u00e9clar\u00e9 la m\u00eame chose aux temps des Gilets Jaunes\u00a0: <\/span><em><span style=\"font-family: Cambria, serif;\">\u00ab\u00a0nous avons \u00e9t\u00e9 trop intelligents, trop subtils\u2026\u00a0\u00bb<\/span><\/em><span style=\"font-family: Cambria, serif;\">, avouait l\u2019individu <\/span><span style=\"font-family: Cambria, serif;\">en toute modestie<\/span><span style=\"font-family: Cambria, serif;\">. <\/span><span style=\"font-family: Cambria, serif;\">Oh, qu\u2019ils se ressemblent, tous ces progressistes\u00a0! Si imbus de leur sens de l\u2019Histoire\u2026<\/span><\/span><\/p>\n<p align=\"left\"><span style=\"font-size: 14pt; color: #999999;\"><span style=\"font-family: Cambria, serif;\">Dans ces conditions, le r\u00f4le du politicien n\u2019est certainement pas de donner la parole et encore moins les capacit\u00e9s d\u2019agir \u00e0 la population\u00a0&#8230;qui n\u2019en ferait rien de bon. Enfin, rien de bon pour eux, les politiciens, la technocratie, l\u2019\u00e9lite, bien entendu. Ils en sont toujours \u00e0 chercher comment <\/span><em><span style=\"font-family: Cambria, serif;\">\u00ab\u00a0<\/span><span style=\"font-family: Cambria, serif;\">laiss<\/span><span style=\"font-family: Cambria, serif;\">er<\/span><span style=\"font-family: Cambria, serif;\"> le peuple croire qu&rsquo;il gouverne <\/span><span style=\"font-family: Cambria, serif;\">[afin qu\u2019]<\/span><span style=\"font-family: Cambria, serif;\"> il <\/span><span style=\"font-family: Cambria, serif;\">[soit]<\/span><span style=\"font-family: Cambria, serif;\"> gouvern\u00e9\u00a0\u00bb<\/span><\/em><span style=\"font-family: Cambria, serif;\">, <\/span><span style=\"font-family: Cambria, serif;\">comme le disait <\/span><span style=\"font-family: Cambria, serif;\"><span lang=\"fr-FR\">William Penn. <\/span><\/span><span style=\"font-family: Cambria, serif;\"><span lang=\"fr-FR\">Il y a des p\u00e9riodes comme la n\u00f4tre o\u00f9 cela devient tr\u00e8s difficile car <\/span><\/span><span style=\"font-family: Cambria, serif;\"><span lang=\"fr-FR\"><u>ces gens-l\u00e0 tout en se pr\u00e9sentant comme d\u2019inlassables tenants de la libert\u00e9 en sont les pourfendeurs \u00e9vidents<\/u><\/span><\/span><span style=\"font-family: Cambria, serif;\"><span lang=\"fr-FR\">. La gauche (les dinosaures du PS) est pour l\u2019obligation vaccinale <\/span><\/span><span style=\"font-family: Cambria, serif;\"><span lang=\"fr-FR\">et<\/span><\/span><span style=\"font-family: Cambria, serif;\"><span lang=\"fr-FR\"> la droite veut confiner les non inject\u00e9s (Cruella P\u00e9cresse). Qui dit mieux\u00a0? Et <\/span><\/span><span style=\"font-family: Cambria, serif;\"><span lang=\"fr-FR\">l<\/span><\/span><span style=\"font-family: Cambria, serif;\"><span lang=\"fr-FR\">es deux ne voient rien de mal \u00e0 la \u00ab<\/span><\/span><span style=\"font-family: Cambria, serif;\"><span lang=\"fr-FR\">\u00a0soci\u00e9t\u00e9 de vigilance\u00a0\u00bb<\/span><\/span><span style=\"font-family: Cambria, serif;\"><span lang=\"fr-FR\"> de l\u2019in\u00e9narrable <\/span><\/span><span style=\"font-family: Cambria, serif;\"><span lang=\"fr-FR\">troisi\u00e8me larron, <\/span><\/span><span style=\"font-family: Cambria, serif;\"><span lang=\"fr-FR\">Macron <\/span><\/span><span style=\"font-family: Cambria, serif;\"><span lang=\"fr-FR\">qui a rafl\u00e9 les marrons &#8230;en 2017<\/span><\/span><span style=\"font-family: Cambria, serif;\"><span lang=\"fr-FR\">. <\/span><\/span><span style=\"font-family: Cambria, serif;\"><span lang=\"fr-FR\">L<\/span><\/span><span style=\"font-family: Cambria, serif;\"><span lang=\"fr-FR\">es auteurs du Great Reset sugg\u00e8re<\/span><\/span><span style=\"font-family: Cambria, serif;\"><span lang=\"fr-FR\">nt<\/span><\/span><span style=\"font-family: Cambria, serif;\"><span lang=\"fr-FR\">, <\/span><\/span><span style=\"font-family: Cambria, serif;\"><span lang=\"fr-FR\">fascin\u00e9s par le mod\u00e8le chinois, <\/span><\/span><span style=\"font-family: Cambria, serif;\"><span lang=\"fr-FR\">que telle est la voie \u2013 Macron est un bon \u00e9l\u00e8ve \u2013 de m\u00eame que<\/span><\/span><span style=\"font-family: Cambria, serif;\"><span lang=\"fr-FR\"> le trio de s\u00e9nateurs <\/span><\/span><span style=\"font-family: Cambria, serif;\"><span lang=\"fr-FR\">qui parle<\/span><\/span><span style=\"font-family: Cambria, serif;\"><span lang=\"fr-FR\">nt si<\/span><\/span> <span style=\"font-family: Cambria, serif;\"><span lang=\"fr-FR\">\u00e9logieus<\/span><\/span><span style=\"font-family: Cambria, serif;\"><span lang=\"fr-FR\">ement du mod\u00e8le chinois comme source d\u2019inspiration &#8230;d\u00e9mocratique. <\/span><\/span><\/span><\/p>\n<p><span style=\"color: #999999;\"><em><span style=\"font-family: Cambria, serif;\"><span style=\"font-size: small;\"><span lang=\"fr-FR\">L<\/span><\/span><\/span><\/em><em><span style=\"font-family: Cambria, serif;\"><span style=\"font-size: small;\"><span lang=\"fr-FR\">e <\/span><\/span><\/span><\/em><em><span style=\"font-family: Cambria, serif;\"><span style=\"font-size: small;\"><span lang=\"fr-FR\">rapport <\/span><\/span><\/span><\/em> <em><span style=\"font-family: Cambria, serif;\"><span style=\"font-size: small;\"><span lang=\"fr-FR\"><b>\u00ab\u00a0crises sanitaires et outils num\u00e9riques\u00a0\u00bb<\/b><\/span><\/span><\/span><\/em><em><span style=\"font-family: Cambria, serif;\"><span style=\"font-size: small;\"><span lang=\"fr-FR\"> d\u00e9pos\u00e9 \u00e0 la pr\u00e9sidence du S\u00e9nat le 3\u00a0juin\u00a02021 <\/span><\/span><\/span><\/em><em><span style=\"font-family: Cambria, serif;\"><span style=\"font-size: small;\"><span lang=\"fr-FR\">indique<\/span><\/span><\/span><\/em><em><span style=\"font-family: Cambria, serif;\"><span style=\"font-size: small;\"><span lang=\"fr-FR\">\u00a0<\/span><\/span><\/span><\/em><em><span style=\"font-family: Cambria, serif;\"><span style=\"font-size: small;\"><span lang=\"fr-FR\">:<\/span><\/span><\/span><\/em> <em><span style=\"font-family: Cambria, serif;\"><span style=\"font-size: small;\"><span lang=\"fr-FR\">\u00ab\u00a0Si <\/span><\/span><\/span><\/em><em><span style=\"font-family: Cambria, serif;\"><span style=\"font-size: small;\"><span lang=\"fr-FR\"><i>en<\/i><\/span><\/span><\/span><\/em><em><span style=\"font-family: Cambria, serif;\"><span style=\"font-size: small;\"><span lang=\"fr-FR\"> dictature <\/span><\/span><\/span><\/em><em><span style=\"font-family: Cambria, serif;\"><span style=\"font-size: small;\"><span lang=\"fr-FR\">on <\/span><\/span><\/span><\/em><em><span style=\"font-family: Cambria, serif;\"><span style=\"font-size: small;\"><span lang=\"fr-FR\">sauve des vies\u00a0\u2026 alors qu\u2019en d\u00e9mocratie on co<\/span><\/span><\/span><\/em><em><span style=\"font-family: Cambria, serif;\"><span style=\"font-size: small;\"><span lang=\"fr-FR\">m<\/span><\/span><\/span><\/em><em><span style=\"font-family: Cambria, serif;\"><span style=\"font-size: small;\"><span lang=\"fr-FR\">pte les morts \u00bb<\/span><\/span><\/span><\/em><span style=\"font-family: Cambria, serif;\"><span style=\"font-size: small;\"><span lang=\"fr-FR\">\u00a0<\/span><\/span><\/span><span style=\"font-family: Cambria, serif;\"><span style=\"font-size: small;\"><span lang=\"fr-FR\">alors \u00e9videmment\u2026 disent<\/span><\/span><\/span><span style=\"font-family: Cambria, serif;\"><span style=\"font-size: small;\"><span lang=\"fr-FR\"> des s\u00e9nateurs <\/span><\/span><\/span><span style=\"font-family: Cambria, serif;\"><span style=\"font-size: small;\"><span lang=\"fr-FR\">qui<\/span><\/span><\/span><span style=\"font-family: Cambria, serif;\"><span style=\"font-size: small;\"><span lang=\"fr-FR\"> plaident pour une surveillance intrusive en cas de crise\u2026<\/span><\/span><\/span><\/span><\/p>\n<p><span style=\"font-family: Cambria, serif; color: #999999;\"><span style=\"font-size: small;\"><span lang=\"fr-FR\"><i>\u00ab\u00a0Dans les situations de crise les plus extr\u00eames, les outils num\u00e9riques pourraient permettre d\u2019exercer un contr\u00f4le effectif, exhaustif et en temps r\u00e9el du respect des restrictions par la population, assorti le cas \u00e9ch\u00e9ant de sanctions dissuasives, et fond\u00e9 sur une exploitation des donn\u00e9es personnelles encore plus d\u00e9rogatoire.<\/i><\/span><span lang=\"fr-FR\">\u00a0(\u2026)<\/span><\/span><\/span><\/p>\n<p><span style=\"color: #999999;\">\u2014 <span style=\"font-family: Cambria, serif;\"><span style=\"font-size: small;\"><i>le contr\u00f4le des d\u00e9placements\u00a0:<\/i><i><u> bracelet \u00e9lectronique pour contr\u00f4ler le respect de la quarantaine<\/u><\/i><i>, d\u00e9sactivation du passe pour les transports en commun, d\u00e9tection automatique de la plaque d\u2019immatriculation par les radars, <\/i><i><u>portiques de contr\u00f4le dans les magasins<\/u><\/i><i>, cam\u00e9ras thermiques dans les restaurants, etc.\u00a0;<\/i><\/span><\/span><\/span><\/p>\n<p><span style=\"color: #999999;\">\u2014 <span style=\"font-family: Cambria, serif;\"><span style=\"font-size: small;\"><i><u>le contr\u00f4le de l\u2019\u00e9tat de sant\u00e9, via des objets connect\u00e9s dont l\u2019utilisation serait cette fois-ci obligatoire<\/u><\/i><i>, et dont les donn\u00e9es seraient exploit\u00e9es \u00e0 des fins de contr\u00f4le\u00a0;<\/i><\/span><\/span><\/span><\/p>\n<p><span style=\"color: #999999;\">\u2014 <span style=\"font-family: Cambria, serif;\"><span style=\"font-size: small;\"><i>le contr\u00f4le des fr\u00e9quentations, par exemple aller voir un membre vuln\u00e9rable de sa famille alors que l\u2019on est contagieux\u00a0;<\/i><\/span><\/span><\/span><\/p>\n<p><span style=\"color: #999999;\">\u2014 <span style=\"font-family: Cambria, serif;\"><span style=\"font-size: small;\"><i><u>le contr\u00f4le des transactions, permettant par exemple d\u2019imposer une amende automatique, de d\u00e9tecter un achat \u00e0 caract\u00e8re m\u00e9dical (pouvant sugg\u00e9rer soit une contamination<\/u><\/i><i>, soit un acte de contrebande en p\u00e9riode de p\u00e9nurie), ou encore la poursuite ill\u00e9gale d\u2019une activit\u00e9 professionnelle (commerce, etc.) en d\u00e9pit des restrictions. \u00bb<\/i> <a style=\"color: #999999;\" href=\"https:\/\/www.senat.fr\/rap\/r20-673\/r20-673.html\">https:\/\/www.senat.fr\/rap\/r20-673\/r20-673.html <\/a><i><br \/><\/i><\/span><\/span><\/span><\/p>\n<p align=\"left\"><span style=\"color: #999999; font-size: 14pt;\"><span style=\"font-family: Cambria, serif;\"><span lang=\"fr-FR\">Texte \u00e9loquent, rien \u00e0 ajouter. Ces gens-l\u00e0 sont dans l\u2019ivresse du pouvoir&#8230;que leur procureraient les outils num\u00e9riques. Vive la m\u00e9thode chinoise ! Crient-ils en se tapant le ventre de plaisir. <\/span><\/span><\/span><\/p>\n<p align=\"left\"><span style=\"font-size: 14pt; color: #999999;\"><span style=\"font-family: Cambria, serif;\"><span lang=\"fr-FR\">L\u2019air du temps sent <\/span><\/span><span style=\"font-family: Cambria, serif;\"><span lang=\"fr-FR\">final<\/span><\/span><span style=\"font-family: Cambria, serif;\"><span lang=\"fr-FR\">ement <\/span><\/span><span style=\"font-family: Cambria, serif;\"><span lang=\"fr-FR\">tr\u00e8s <\/span><\/span><span style=\"font-family: Cambria, serif;\"><span lang=\"fr-FR\">mauvais.\u00a0<\/span><\/span><\/span><\/p>\n<p align=\"center\"><span style=\"font-family: Cambria, serif; font-size: 14pt; color: #999999;\">( \u00e0 suivre )<\/span><\/p>\n<p align=\"center\">***<\/p>\n<p style=\"text-align: right;\" align=\"center\">Ajout du 04\/02\/2022<\/p>\n<p style=\"text-align: left;\" align=\"center\">Formidable article de la presse locale Midi Libre <a href=\"https:\/\/www.midilibre.fr\/2022\/02\/03\/covid-19-pourquoi-israel-le-pays-de-la-4e-dose-enregistre-un-record-de-deces-10087038.php?M_BT=24955455792#xtor=EPR-2-[newsletter]-20220204-[classique]\">https:\/\/www.midilibre.fr\/2022\/02\/03\/covid-19-pourquoi-israel-le-pays-de-la-4e-dose-enregistre-un-record-de-deces-10087038.php?M_BT=24955455792#xtor=EPR-2-[newsletter]-20220204-[classique]<\/a> ; ce qui \u00e9tait d\u00e9ni\u00e9 hier comme \u00e9tant du complotisme est aujourd&rsquo;hui r\u00e9clam\u00e9 par nos valeureux journalistes.<\/p>\n<p style=\"text-align: left;\" align=\"center\">En effet, depuis le d\u00e9but de l&rsquo;\u00e9pid\u00e9mie, certains observateurs plus raisonnables faisaient remarquer que des personnes d\u00e9c\u00e9d\u00e9es \u00e0 l\u2019h\u00f4pital \u00e9taient ind\u00fbment r\u00e9pertori\u00e9es comme mortes du covid quand elles \u00e9taient mortes d&rsquo;autre chose mais AVEC le covid. Exemple caricatural : Un accident\u00e9 de la route, gravement atteint, finissait par mourir mais, comme il \u00e9tait positif au test covid, \u00e9tait comptabilis\u00e9 comme mort du covid. ( \u00e0 noter au passage que les h\u00f4pitaux ont un int\u00e9r\u00eat financier \u00e0 ce genre de manigance, les hospitalisations dues au covid \u00e9tant mieux r\u00e9tribu\u00e9s\u00a0 ). Donc dire cela au mois d&rsquo;avril ou mai 2020 ( &#8230;et cela se passe ainsi depuis ) vous faisait passer pour un complotiste au dernier degr\u00e9. Le but \u00e9tant pour le pouvoir de gonfler le nombre de morts de cette maladie insuffisamment l\u00e9tale pour justifier des mesures draconiennes qu&rsquo;il imposait.<\/p>\n<p style=\"text-align: left;\" align=\"center\">Aujourd&rsquo;hui, retournement de la situation dans cet article notant qu&rsquo;en Isra\u00ebl le nombre de d\u00e9c\u00e8s est en augmentation tr\u00e8s forte apr\u00e8s l&rsquo;administration de la quatri\u00e8me dose. Le m\u00e9decin isra\u00e9lien auquel s&rsquo;adressent les journalistes d\u00e9clare qu&rsquo;une explication pourrait \u00eatre que les personnes d\u00e9c\u00e9d\u00e9es ne sont pas mortes du covid mais AVEC le covid. Finalement, on est complotiste ou pas en fonction de l&rsquo;objectif \u00e0 d\u00e9fendre. Quand on veut d\u00e9fendre le bienfait de la pseudo vaccination anti covid on a le droit d&rsquo;avancer l&rsquo;argument alors que si on veut pr\u00e9senter un nombre de morts plus conforme \u00e0 la r\u00e9alit\u00e9 alors on est trait\u00e9 de complotiste.<\/p>\n<p style=\"text-align: left;\" align=\"center\">Notons pour finir que l&rsquo;article &#8211; qui a, au passage, abondamment \u00e9gratign\u00e9 les manifestants du samedi &#8211; relate en un petit paragraphe final de quatre lignes un constat du m\u00eame m\u00e9decin bien moins favorable au pseudo vaccin : <em>\u00a0\u00bb\u00a0 Autre explication avanc\u00e9e par le Dr Edelstein, une moindre efficacit\u00e9 du rappel vaccinal \u00e0 la quatri\u00e8me dose,<strong> y compris sur les formes graves<\/strong> et avec le variant Omicron. \u00ab\u00a0Ce n\u2019est pas un succ\u00e8s colossal car l\u2019efficacit\u00e9 suppl\u00e9mentaire n\u2019est pas \u00e9norme\u00a0\u00bb, a confirm\u00e9 le sp\u00e9cialiste \u00e0 nos confr\u00e8res. \u00ab\u00a0<\/em>\u00a0 Ce n&rsquo;est pas un succ\u00e8s colossal, c&rsquo;est vraiment le moins qu&rsquo;on puisse dire. Plut\u00f4t une d\u00e9faite voire une d\u00e9route.<\/p>\n<p align=\"center\"><img loading=\"lazy\" decoding=\"async\" class=\"alignnone  wp-image-915\" src=\"https:\/\/faut-le-dire.fr\/wp-content\/uploads\/2022\/01\/Screenshot-2022-02-05-at-13-01-01-Coronavirus-COVID-19-Deaths-300x120.png\" alt=\"\" width=\"451\" height=\"180\" srcset=\"https:\/\/faut-le-dire.fr\/wp-content\/uploads\/2022\/01\/Screenshot-2022-02-05-at-13-01-01-Coronavirus-COVID-19-Deaths-300x120.png 300w, https:\/\/faut-le-dire.fr\/wp-content\/uploads\/2022\/01\/Screenshot-2022-02-05-at-13-01-01-Coronavirus-COVID-19-Deaths-1024x409.png 1024w, https:\/\/faut-le-dire.fr\/wp-content\/uploads\/2022\/01\/Screenshot-2022-02-05-at-13-01-01-Coronavirus-COVID-19-Deaths-768x307.png 768w, https:\/\/faut-le-dire.fr\/wp-content\/uploads\/2022\/01\/Screenshot-2022-02-05-at-13-01-01-Coronavirus-COVID-19-Deaths.png 1257w\" sizes=\"auto, (max-width: 451px) 100vw, 451px\" \/><\/p>\n<p>Nombre de d\u00e9c\u00e8s dus au covid en Isra\u00ebl entre le 1\/11\/2021 et le 3\/02\/2022. En abscisses, la date (chaque point repr\u00e9sente un jour). Les nombres de d\u00e9c\u00e8s en France et en Cote d&rsquo;Ivoire (dans ce dernier pays il n&rsquo;y a aucune vaccination anticovid de masse pratiqu\u00e9e ; et M. M\u00e9lenchon voudrait ardemment y apporter &#8230;les bienfaits de la dite vaccination !) sont indiqu\u00e9s \u00e0 titre de comparaison. Il y a depuis hier presque 8 d\u00e9c\u00e8s par million d&rsquo;habitants en Isra\u00ebl ; en France, moins de 4 et en Cote d&rsquo;Ivoire quasiment aucun ! Une question s&rsquo;est \u00e9videmment pos\u00e9e : qu&rsquo;est-ce qui peut occasionner une telle croissance du nombre de d\u00e9c\u00e8s dans ce pays ? Pour certains, un lien avec la quatri\u00e8me dose doit \u00eatre exclu a priori&#8230; <a href=\"https:\/\/ourworldindata.org\/covid-deaths\">https:\/\/ourworldindata.org\/covid-deaths<\/a><\/p>\n","protected":false},"excerpt":{"rendered":"<p>26\/01\/2020 \u00a0 1 ___ On a dit et r\u00e9p\u00e9t\u00e9 que les soi disant antivax, c\u2019est \u00e0 dire les opposants \u00e0 la vaccination g\u00e9n\u00e9rale anticovid et aux instruments n\u00e9cessaires \u00e0 celle-ci (le passeport sanitaire puis vaccinal), \u00e9taient des individualistes soucieux de leur libert\u00e9 mais empi\u00e9tant sur celle des autres. L\u2019argument est banal et fr\u00e9quemment ressass\u00e9 quand&#8230; <\/p>\n<div class=\"read-more navbutton\"><a href=\"https:\/\/faut-le-dire.fr\/index.php\/2022\/01\/26\/le-monde-maintenant-4\/\">Lire la suite<i class=\"fa fa-angle-double-right\"><\/i><\/a><\/div>\n","protected":false},"author":1,"featured_media":0,"comment_status":"closed","ping_status":"open","sticky":false,"template":"","format":"standard","meta":{"footnotes":""},"categories":[1],"tags":[10,131,122,307,309],"class_list":["post-901","post","type-post","status-publish","format-standard","hentry","category-non-classe","tag-gauche","tag-liberte","tag-macron","tag-numerique","tag-politiciens"],"post_mailing_queue_ids":[],"_links":{"self":[{"href":"https:\/\/faut-le-dire.fr\/index.php\/wp-json\/wp\/v2\/posts\/901","targetHints":{"allow":["GET"]}}],"collection":[{"href":"https:\/\/faut-le-dire.fr\/index.php\/wp-json\/wp\/v2\/posts"}],"about":[{"href":"https:\/\/faut-le-dire.fr\/index.php\/wp-json\/wp\/v2\/types\/post"}],"author":[{"embeddable":true,"href":"https:\/\/faut-le-dire.fr\/index.php\/wp-json\/wp\/v2\/users\/1"}],"replies":[{"embeddable":true,"href":"https:\/\/faut-le-dire.fr\/index.php\/wp-json\/wp\/v2\/comments?post=901"}],"version-history":[{"count":9,"href":"https:\/\/faut-le-dire.fr\/index.php\/wp-json\/wp\/v2\/posts\/901\/revisions"}],"predecessor-version":[{"id":921,"href":"https:\/\/faut-le-dire.fr\/index.php\/wp-json\/wp\/v2\/posts\/901\/revisions\/921"}],"wp:attachment":[{"href":"https:\/\/faut-le-dire.fr\/index.php\/wp-json\/wp\/v2\/media?parent=901"}],"wp:term":[{"taxonomy":"category","embeddable":true,"href":"https:\/\/faut-le-dire.fr\/index.php\/wp-json\/wp\/v2\/categories?post=901"},{"taxonomy":"post_tag","embeddable":true,"href":"https:\/\/faut-le-dire.fr\/index.php\/wp-json\/wp\/v2\/tags?post=901"}],"curies":[{"name":"wp","href":"https:\/\/api.w.org\/{rel}","templated":true}]}}