{"id":771,"date":"2021-08-05T20:57:00","date_gmt":"2021-08-05T19:57:00","guid":{"rendered":"https:\/\/faut-le-dire.fr\/?p=771"},"modified":"2023-01-23T11:10:08","modified_gmt":"2023-01-23T10:10:08","slug":"les-virus-du-gauchisme","status":"publish","type":"post","link":"https:\/\/faut-le-dire.fr\/index.php\/2021\/08\/05\/les-virus-du-gauchisme\/","title":{"rendered":"les virus du gauchisme"},"content":{"rendered":"\n<p class=\"western\" align=\"right\"><span style=\"font-family: comic sans ms, sans-serif; font-size: 12pt; color: #e0e0e0;\"><strong>19<\/strong>\/09\/2021 (1)<\/span><\/p>\n<p class=\"western\" align=\"center\"><span style=\"font-size: 18pt; color: #e0e0e0;\"><span style=\"font-family: comic sans ms, sans-serif;\">Les virus du gauchisme 3<\/span><\/span><\/p>\n<p class=\"western\" style=\"text-align: right;\" align=\"left\"><span style=\"font-family: comic sans ms, sans-serif; font-size: 10pt; color: #e0e0e0;\"><i>\u00ab si le socialisme, tel qu\u2019il se voit actuellement, heurte bien des sensibilit\u00e9s, c\u2019est en grande partie parce qu\u2019il semble, vu de l\u2019ext\u00e9rieur en tout cas, \u00eatre livr\u00e9 \u00e0 un ramassis de doux maniaques, doctrinaires, bolch\u00e9viks de salon, etc. \u00bb<\/i> <\/span><\/p>\n<p class=\"western\" style=\"text-align: right;\" align=\"left\"><span style=\"font-family: comic sans ms, sans-serif; font-size: 10pt; color: #e0e0e0;\">Georges Orwell, le quai deWigan. 1937<\/span><\/p>\n<p class=\"western\"><span style=\"font-family: comic sans ms, sans-serif; font-size: 12pt; color: #e0e0e0;\"><strong>Pr\u00e9ambule\u00a0<\/strong>: Ce texte \u00e9tudie, comme les deux pr\u00e9c\u00e9dents de cette page, au dessous de celui-ci, les positions des gens de gauche (&#8230;souvent l\u2019extr\u00eame gauche). Il n\u2019y a aucun d\u00e9sir de pers\u00e9cution dans cette recherche. Les gogos de droite prennent en g\u00e9n\u00e9ral position pour la vaccination g\u00e9n\u00e9rale et le passeport sanitaire. Malgr\u00e9 tout \u2013 c\u2019est aussi le cas \u00e0 gauche mais dans une moindre mesure \u2013 une minorit\u00e9 de ce \u2018camp\u2019 a \u00e9t\u00e9 clairement antipass voire anti vaccination g\u00e9n\u00e9rale. Ce ph\u00e9nom\u00e8ne reste \u00e0 analyser mais ce n\u2019est pas l\u2019objet de cet article. Si nous nous int\u00e9ressons \u00e0 l\u2019extr\u00eame gauche, c\u2019est \u00e9videmment parce que nous sommes issu de ce \u2018milieu\u2019 dont il est plus que jamais n\u00e9cessaire d\u2019analyser la fa\u00e7on dont les fondements id\u00e9ologiques\u2026 ont pouss\u00e9 \u00e0 l\u2019acceptation de la vaccination g\u00e9n\u00e9rale et de tout ce qui, dans cette affaire, s\u2019est pr\u00e9sent\u00e9 comme scientifique (et qui ne l\u2019est pas toujours, est-il utile de le r\u00e9p\u00e9ter). La technoscience qui voit tout \u00e0 travers le prisme de la technologie (particuli\u00e8rement quand celle-ci se vend avec de gros b\u00e9n\u00e9fices) s\u2019impose dans la t\u00eate de nos politiciens et de nos id\u00e9ologues (de droite comme de gauche, pour des raisons diff\u00e9rentes sans doute) elle est ressentie comme la seule solution \u00e0 nos probl\u00e8mes, c\u2019est le pilier de toutes les mesures prises par la plupart des pouvoirs politiques dans le monde entier. <\/span><\/p>\n<p class=\"western\" align=\"center\"><span style=\"font-family: comic sans ms, sans-serif; font-size: 12pt; color: #e0e0e0;\">***<\/span><\/p>\n<p class=\"western\"><span style=\"font-family: comic sans ms, sans-serif; font-size: 12pt; color: #e0e0e0;\">Parmi ces adorateurs de la vaccination obligatoire et g\u00e9n\u00e9ralis\u00e9e il y a&#8230; ceux qui, comme Sud Education, regrettent \u00ab\u00a0l<em>es atermoiements du gouvernement <\/em><em>[qui]<\/em> <em>ont retard\u00e9 la campagne de vaccination.\u00a0\u00bb<\/em> (2) Mais &#8230;<em> \u00ab\u00a0SUD \u00e9ducation se prononce pour la vaccination de masse et, avec son union syndicale Solidaires, d\u00e9nonce fermement la mise en \u0153uvre du passe sanitaire\u00a0\u00bb<\/em> et vraiment, ils ne font aucun lien entre les deux\u00a0! La vaccination est n\u00e9cessaire, indispensable pour eux et le \u2018pass sanitaire\u2019 \u00e0 rejeter. Comment convaincre alors les nombreux r\u00e9fractaires\u00a0de se faire vacciner ?<\/span><\/p>\n<p class=\"western\"><span style=\"font-family: comic sans ms, sans-serif; font-size: 12pt; color: #e0e0e0;\">De plus, par rapport \u00e0 la mobilisation anti passe en cours, ils sont tr\u00e8s clairs :<em> \u00ab\u00a0<\/em><em>nous ne nous reconnaissons pas dans la mobilisation en cours contre le passe sanitaire.\u00a0\u00bb<\/em> parce qu\u2019il s\u2019agit d\u2019 <em>\u00ab\u00a0<\/em><em>un discours individualiste et propre \u00e0 l\u2019extr\u00eame-droite <\/em><em><u><b>aliment\u00e9 par la peur du progr\u00e8s<\/b><\/u><\/em><em>\u00a0\u00bb<\/em><em>,<\/em> la peur du progr\u00e8s&#8230; comme les Amichs d\u00e9nonc\u00e9s il y a peu par Macron ! Accointance r\u00e9v\u00e9latrice. <em>\u00ab\u00a0<\/em><em>U<\/em><em>ne post-v\u00e9rit\u00e9 fantasm\u00e9e et nourrie de r\u00e9cits complotistes et obscurantistes, &#8230;\u00a0\u00bb<\/em> Ah, le complotisme\u00a0! <em>\u00ab\u00a0nous avons la responsabilit\u00e9 de nous opposer \u00e0 leurs manifestations, \u00e0 leurs mensonges, \u00e0 leur haine.\u00a0\u00bb<\/em> Et revoil\u00e0 la haine\u00a0! Pour ce qui est du ton particuli\u00e8rement agressif avec lequel ils parlent des manifestants &#8230;ce n\u2019est pas de la haine\u00a0! Mais non, une bienveillance un peu appuy\u00e9e, c\u2019est tout\u00a0! Qui bene amat bene castigat\u2026 disaient les Romains.<\/span><\/p>\n<p class=\"western\"><span style=\"font-family: comic sans ms, sans-serif; font-size: 12pt; color: #e0e0e0;\">Et donc en conclusion, <em><i>\u00ab\u00a0<\/i><\/em><i>SUD \u00e9ducation appelle les personnels de l\u2019\u00c9ducation nationale \u00e0 ne participer \u00e0 aucune mobilisation orchestr\u00e9e par l\u2019extr\u00eame-droite ou acquise \u00e0 ses id\u00e9es naus\u00e9abondes. \u00bb <\/i>Ah, que d\u2019id\u00e9es naus\u00e9abondes et quel odorat sur-d\u00e9velopp\u00e9 ils ont !<\/span><\/p>\n<p class=\"western\"><span style=\"font-family: comic sans ms, sans-serif; font-size: 12pt; color: #e0e0e0;\">Il y a aussi <em>c<\/em>eux qui, comme le CLLR 34, le comit\u00e9 local de reconqu\u00eate des acquis de 36\/45, relais du fantomatique POI, parti trotskiste, produisent un tract distribu\u00e9 dans la manifestation de B\u00e9ziers le 18 septembre 2021. Plus habile que les pr\u00e9c\u00e9dents et surtout plus soucieux de r\u00e9cup\u00e9rer la col\u00e8re des manifestants anti passe comme ils l\u2019ont d\u00e9j\u00e0 fait il y a quelques mois avec les Gilets Jaunes ne prennent aucune position sur la vaccination mais d\u00e9plorent les conditions dans lesquelles <i>\u00ab\u00a0des milliers de travailleurs ont d\u00fb se faire vacciner contre leur gr\u00e9.\u00a0\u00bb<\/i> Ou \u00ab<i>\u00a0choisi de d\u00e9missionner\u00a0\u00bb<\/i>. Dans leur tract ils ne condamnent clairement ni la vaccination g\u00e9n\u00e9rale ni le passe sanitaire. Et ne disent \u00e9videmment mot du lien entre les deux. Ils n\u2019\u00e9voquent le passeport sanitaire que par ses cons\u00e9quences sur la casse du code du travail (autant parler de casser un caillou avec une tonne de TNT !). Le fait de ficher les gens selon leur \u2018statut vaccinal\u2019 &#8211; via les smartphones, bienvenue \u00e0 la technologie lib\u00e9ratrice &#8230;comme en Chine ! &#8211; ne vaut pas la peine qu\u2019ils en parlent et pas plus qu\u2019ils y r\u00e9fl\u00e9chissent. Si dans cette \u2018crise sanitaire\u2019 le nombre de lits et de soignants avait \u00e9t\u00e9 plus grands, bien s\u00fbr les d\u00e9g\u00e2ts auraient \u00e9t\u00e9 moindres. Mais est-ce le seul probl\u00e8me qui est pos\u00e9 ? Pour eux, il semble bien que oui ! Enfin, le discours de gauche n\u2019envisage que cet angle d\u2019analyse, ils sont aveugles \u00e0 tout le reste. Nous y reviendrons. Quoi qu\u2019il en soit, leur objectif de r\u00e9cup\u00e9rer dans leur camp quelques gens de bonne volont\u00e9, un rien na\u00effs, est atteint.<\/span><\/p>\n<p class=\"western\" align=\"center\"><span style=\"font-family: comic sans ms, sans-serif; font-size: 12pt; color: #e0e0e0;\">*<\/span><\/p>\n<p class=\"western\"><span style=\"font-family: comic sans ms, sans-serif; font-size: 12pt; color: #e0e0e0;\">Le sommet, c\u2019est tout de m\u00eame le tract distribu\u00e9 \u00e0 la manifestation de Montpellier le 11 septembre 2021 sign\u00e9 par la CNT ESS, la LDH, le PG, le NPA 34 et les anarchistes de l\u2019UCL. Une brochette d\u2019organisations de gauche et d\u2019extr\u00eame gauche. D\u00e8s les premi\u00e8res phrases on regrette que Macron passe en force &#8230;alors qu\u2019il aurait d\u00fb convaincre. <u>Rengaine habituelle\u00a0: quand on est d\u2019accord sur le fond il faut se <\/u><u>distinguer<\/u><u> sur la forme\u00a0!<\/u> Ce qui pousse \u00e0 lire la suite de ce texte r\u00e9barbatif, c\u2019est qu\u2019on se demande bien de QUOI Macron aurait d\u00fb nous convaincre\u2026 Eh oui, Macron est autoritaire mais aussi incomp\u00e9tent, \u00e9crivent ces joyeux progressistes. Il lui manque les conseils de nos petits Machiavel en herbe qui savent, eux, comment s\u2019y prendre pour ne pas avoir de mouvement d\u2019opposition. Il suffisait de leur demander, que diable\u00a0! Car Macron aurait d\u00fb vacciner \u2013 vite et bien \u2013 la population. Question\u00a0: <u>cette population\u00a0demandait-elle <\/u><u>\u00e0 \u00eatre vaccin\u00e9e <\/u><u>?<\/u> d\u2019apr\u00e8s les chiffres, avant la d\u00e9claration de Macron du 12 juillet ils ont estim\u00e9 la vaccination jusque-l\u00e0 volontaire comme insuffisante et on voit bien qu\u2019il a fallu les mesures coercitives d\u00e9clam\u00e9es par notre bobo techno pr\u00e9sident pour que cette vaccination prenne vraiment de l\u2019ampleur. Qui peut dire \u2013 d\u00e9cemment\u00a0! \u2013 que les gens y sont all\u00e9s guid\u00e9s par leur conviction\u00a0? \u00c0 part le pouvoir qui, n\u2019en \u00e9tant plus \u00e0 un mensonge pr\u00e8s, a montr\u00e9 le b\u00e2ton et trouv\u00e9 le bon moyen de convertir les gens aux bienfaits de la (pseudo) vaccination. <\/span><\/p>\n<p class=\"western\"><span style=\"font-family: comic sans ms, sans-serif; font-size: 12pt; color: #e0e0e0;\">Mais on lit \u00e9videmment sur leur tract que ces gens-de-gauche-l\u00e0 sont enthousiastes pour celle-ci. Il faut tous se faire vacciner et, bien s\u00fbr, au plus vite\u00a0! <\/span><\/p>\n<p class=\"western\" align=\"center\"><span style=\"font-family: comic sans ms, sans-serif; font-size: 12pt; color: #e0e0e0;\">*<\/span><\/p>\n<p class=\"western\"><span style=\"font-family: comic sans ms, sans-serif; font-size: 12pt; color: #e0e0e0;\">Cette critique se r\u00e9duit comme d\u2019habitude chez les gens de gauche \u00e0 <u>celle du manque de moyens mat\u00e9riels et humains<\/u>. Bien s\u00fbr, c\u2019est un des aspects de la r\u00e9alit\u00e9 ( redisons-le\u00a0: s\u2019il y avait eu plus de lits et de personnels pour soigner dans les h\u00f4pitaux les probl\u00e8mes eussent \u00e9t\u00e9 bien moindres !) mais on est loin du compte en r\u00e9duisant la r\u00e9flexion critique \u00e0 cela. Les gauchistes insistent sur la vaccination \u2013 pour eux n\u00e9cessaire\u00a0! \u2013 sans bien s\u00fbr jamais \u00e9voquer le moins du monde les alternatives et sans jamais se demander pourquoi Macron, dont ils sont les complices enthousiastes dans cette affaire, a interdit tout moyen de soigner les malades avec les moyens du bord. Aucune allusion \u00e0 cela\u00a0: pour eux aussi, un seul combat, la vaccination g\u00e9n\u00e9rale. Il y a l\u00e0 un axiome indiscutable. Et \u00e7a parle \u00e0 tors et \u00e0 travers de l\u2019obscurantisme des opposants\u00a0oubliant que la science, avant qu\u2019elle ne soit propri\u00e9t\u00e9 du syst\u00e8me, n\u2019a pu s\u2019enrichir et d\u00e9couvrir le r\u00e9el qu\u2019avec la libert\u00e9 d\u2019exposer son point de vue&#8230; m\u00eame contradictoire avec la v\u00e9rit\u00e9 officielle !<\/span><\/p>\n<p class=\"western\"><span style=\"font-family: comic sans ms, sans-serif; font-size: 12pt; color: #e0e0e0;\">Ils ont les yeux fix\u00e9s sur l\u2019aspect quantitatif. Pas \u00e9tonnant donc de voir qu\u2019ils reprochent au gouvernement de ne pas aller chercher les populations pauvres du pays et dans le monde pour les vacciner. Vaccinandum Est &#8230;Urbi et Orbi (4). Sans, l\u00e0 encore, demander l\u2019avis de qui que ce soit. C\u2019est donc avec le sourire qu\u2019on lit qu\u2019ils s\u2019opposent \u00e0 une soci\u00e9t\u00e9 de surveillance et r\u00e9clament une soci\u00e9t\u00e9 &#8230;d\u00e9mocratique. <\/span><\/p>\n<p class=\"western\"><span style=\"font-family: comic sans ms, sans-serif; font-size: 12pt; color: #e0e0e0;\">Ils s\u2019opposent au fameux passeport sanitaire sans \u00e9voquer l\u2019articulation avec les vaccins. Comme si le \u2018passe\u2019 \u00e9tait tomb\u00e9 du ciel\u00a0! Si le passeport est impos\u00e9, c\u2019est pour imposer cette vaccination qui \u2013 quoi qu\u2019ils racontent sur le sujet \u2013 n\u2019a pas remport\u00e9 l\u2019adh\u00e9sion. Les communicants et autres strat\u00e8ges embauch\u00e9s par la macronaille ont vu la br\u00e8che. C\u2019\u00e9tait le moment d\u2019exercer la contrainte pour vacciner et ils l\u2019ont fait. Sur le sujet de la vaccination g\u00e9n\u00e9rale la CNTESS, le PG, le NPA, etc, parlent comme Macron, V\u00e9ran et consorts, ils n\u2019ont rien \u00e0 dire de plus ni de moins que les lascars au pouvoir. Cependant <u>la macronaille <\/u><u>au pouvoir <\/u><u>a une id\u00e9e derri\u00e8re la t\u00eate<\/u> \u2013 \u00e7a s\u2019appelle une strat\u00e9gie, &#8230;pas un complot ! \u2013 alors que les gauchistes croient vraiment que la vaccination r\u00e9soudra le probl\u00e8me que nous avons avec le virus. <\/span><\/p>\n<p class=\"western\"><span style=\"font-family: comic sans ms, sans-serif; font-size: 12pt; color: #e0e0e0;\">Bien s\u00fbr, les &lsquo;gens-de-gauche&rsquo; disent que les manifestants sont des b\u0153ufs seulement munis d\u2019un cerveau reptilien (voir les propos de C\u00e9line Pina) incapable d\u2019appr\u00e9hender la r\u00e9alit\u00e9. Mais plus on les entend et plus on s\u2019aper\u00e7oit qu\u2019ils manquent cruellement de donn\u00e9es sur ce sujet et surtout de capacit\u00e9s d\u2019analyse. Venons-en donc \u00e0 l\u2019essentiel.<\/span><\/p>\n<p class=\"western\" align=\"center\"><span style=\"font-family: comic sans ms, sans-serif; font-size: 12pt; color: #e0e0e0;\">*<\/span><\/p>\n<p class=\"western\"><span style=\"font-family: comic sans ms, sans-serif; font-size: 12pt; color: #e0e0e0;\"><u>S<\/u><u>i le gouvernement impose (de fait) la vaccination, c\u2019est, d\u2019apr\u00e8s ce qu\u2019ils ont dit, pour atteindre l\u2019immunit\u00e9 collective<\/u>. C\u2019est donc avec cet objectif qu\u2019ils nous engagent dans cette voie et non avec l\u2019id\u00e9e que chacun sera individuellement prot\u00e9g\u00e9. Bien entendu, s\u2019il ne s\u2019agissait que de se prot\u00e9ger individuellement, point besoin de l\u2019imposer. L\u2019immunit\u00e9 collective est \u00e0 l\u2019oppos\u00e9 de la volont\u00e9 individuelle, et c\u2019est l\u2019axe autour duquel tourne le discours de Macron du 12 juillet, point de d\u00e9part de tout cela. Qu\u2019en est-il aujourd\u2019hui\u00a0dans les milieux scientifiques sur cette immunit\u00e9 collective ? <u>Le bilan est clair\u00a0: plus grand monde n\u2019y croit <\/u><u>dans les milieux scientifiques<\/u><u>.<\/u> Le responsable de la vaccination en Islande (pays tr\u00e8s vaccin\u00e9) l\u2019a clairement dit. Un responsable de la politique vaccinale anglais idem. Ceux qui ont parl\u00e9 cependant, sont invit\u00e9s par les pouvoirs m\u00e9dicaux et m\u00e9diatiques, mais surtout politiques, \u00e0 revenir sur leurs propos. En France comme en Isra\u00ebl, chez les experts agr\u00e9\u00e9s par le pouvoir on s\u2019y accroche\u2026 pour combien de temps ? Car <u>si cel<\/u><u>le-ci<\/u><u> n\u2019est plus d\u2019actualit\u00e9 pourquoi continuer \u00e0 vacciner de cette fa\u00e7on\u00a0? Il conviendrait de laisser chacun juge de l\u2019opportunit\u00e9 de le faire et non plus de forcer les gens<\/u>. Et nous saurions assez vite pourquoi le pouvoir s\u2019obstine \u00e0 vacciner. <br \/><\/span><\/p>\n<p class=\"western\"><span style=\"font-family: comic sans ms, sans-serif; font-size: 12pt; color: #e0e0e0;\">Cependant nos gauchistes, par m\u00e9connaissance de tout \u00e7a, pensent que la vaccination nous sortira d\u2019affaire dans cette crise \u2018sanitaire\u2019. Jamais ils ne parlent de l\u2019objectif de l\u2019immunit\u00e9 collective (5).<\/span><\/p>\n<p class=\"western\" style=\"text-align: center;\"><span style=\"font-family: comic sans ms, sans-serif; font-size: 12pt; color: #e0e0e0;\">*<\/span><\/p>\n<p class=\"western\"><span style=\"font-family: comic sans ms, sans-serif; font-size: 12pt; color: #e0e0e0;\">Ils ne savent \u00e9videmment pas non plus que l\u2019Inde s\u2019est tir\u00e9e d\u2019une bien mauvaise passe non pas en vaccinant mais en soignant avec l\u2019ivermectine ou l\u2019hydroxychloroquine. Que l\u2019Afrique subsaharienne est peu impact\u00e9e parce que ces m\u00e9dicaments sont pris assez souvent pour lutter contre onchocercose et le paludisme (6). Mais, pour nos progressistes, il n\u2019y a de v\u00e9rit\u00e9 sur la vaccination que sortant de la bouche du gouvernement fran\u00e7ais ou des scientifiques de plateau t\u00e9l\u00e9. C\u2019est ce qu\u2019ils appellent\u00a0 :\u00a0 lutter contre l\u2019obscurantisme ! <\/span><\/p>\n<p class=\"western\"><span style=\"font-family: comic sans ms, sans-serif; font-size: 12pt; color: #e0e0e0;\">Pour eux, l\u2019industrie pharmaceutique a certes des d\u00e9fauts\u00a0: elle absorbe trop de b\u00e9n\u00e9fices et manipule parfois les dirigeants politiques mais quand m\u00eame la grosse entreprise capitaliste pr\u00e9figure l\u2019entreprise socialiste de demain. Pensent-ils. Et, en cons\u00e9quence, il ne serait pas tr\u00e8s \u2018progressiste\u2019 de renoncer \u00e0 un vaccin fabriqu\u00e9 \u00e0 grands renforts de technologie qui sera la fiert\u00e9 des g\u00e9n\u00e9rations futures quand elles auront pris le contr\u00f4le des entreprises capitalistes. Voil\u00e0 le raisonnement. Et voil\u00e0 qui condamne irr\u00e9m\u00e9diablement la <i>\u00ab\u00a0peur du progr\u00e8s\u00a0\u00bb<\/i> dont parlent leurs comp\u00e8res de SUD \u00e9ducation. Ainsi, les rares scientifiques, journalistes et simplement les humains <i>animaux politiques,<\/i> (7) qui ne se sont pas aplatis devant le pouvoir et se sont oppos\u00e9s \u00e0 ce vaccin (qui n\u2019en est m\u00eame pas un) (8) sont, disent-ils, des complotistes, des conspirationnistes, d\u2019extr\u00eame droite et des fachos (9), \u2026 voil\u00e0 pour eux\u00a0; le point Godwin est atteint, tout est dit. Comme disait jadis l\u2019intelligentsia de gauche des ann\u00e9es 50, <em><i>\u00ab\u00a0<\/i><\/em><em><i>M<\/i><\/em><em><i>ieux vaut se tromper avec Sartre qu\u2019avoir raison avec Aron\u00a0\u00bb<\/i><\/em><em>.<\/em><\/span><\/p>\n<p class=\"western\" align=\"center\"><span style=\"color: #e0e0e0; font-family: comic sans ms, sans-serif; font-size: 12pt;\">*<\/span><\/p>\n<p class=\"western\"><span style=\"font-family: comic sans ms, sans-serif; font-size: 12pt; color: #e0e0e0;\">Il y a une c\u00e9cit\u00e9 \u00e0 peu pr\u00e8s compl\u00e8te \u00e0 tout ce qui d\u00e9passe leur analyse platement marxiste (Marx disait \u00e0 la fin de sa vie qu\u2019il n\u2019\u00e9tait pas marxiste &#8230;\u00e0 \u00e9couter des disciples de ce genre-l\u00e0, on comprend pourquoi\u00a0!). Si probl\u00e8me il y a, il faut qu\u2019ils l\u2019abordent sous l\u2019angle exclusif d\u2019une lutte entre les \u00ab\u00a0pays les plus fragiles\u00a0\u00bb et les pays nantis. Et, en France, ils s\u2019\u00e9l\u00e8vent contre \u00ab\u00a0l\u2019in\u00e9galit\u00e9 d\u2019acc\u00e8s au vaccin\u00a0\u00bb\u00a0! Par manque d\u2019horizon en dehors de cela, ils ne voient dans les probl\u00e8mes pos\u00e9s par le passeport sanitaire qu\u2019une cons\u00e9quence des in\u00e9galit\u00e9s sociales. <\/span><\/p>\n<p class=\"western\"><span style=\"font-family: comic sans ms, sans-serif; font-size: 12pt; color: #e0e0e0;\">Quand ils d\u00e9c\u00e8lent dans les cons\u00e9quences de l\u2019utilisation du \u2018passe\u2019 un <i>\u00ab\u00a0<\/i><i>climat de surveillance g\u00e9n\u00e9rale\u00a0\u00bb<\/i> qui implique des <i>\u00ab\u00a0discriminations sur les lieux publics et de travail\u00a0\u00bb<\/i> on a envie de leur dire\u00a0: oui, vous \u00eates sur la bonne voie, continuez\u00a0!\u00a0mais ils calent vite compl\u00e8tement. <u>La libert\u00e9, somme toute, n\u2019est pas franchement un th\u00e8me dans leurs comp\u00e9tences.<\/u><\/span><\/p>\n<p class=\"western\" style=\"text-align: center;\"><span style=\"font-family: comic sans ms, sans-serif; font-size: 12pt; color: #e0e0e0;\">*<\/span><\/p>\n<div id=\"attachment_793\" style=\"width: 376px\" class=\"wp-caption alignright\"><img loading=\"lazy\" decoding=\"async\" aria-describedby=\"caption-attachment-793\" class=\"wp-image-793 \" src=\"https:\/\/faut-le-dire.fr\/wp-content\/uploads\/2021\/08\/Appli-Wechat-Chine-Credit-Social-2-768x432-1-300x169.jpg\" alt=\"\" width=\"366\" height=\"206\" srcset=\"https:\/\/faut-le-dire.fr\/wp-content\/uploads\/2021\/08\/Appli-Wechat-Chine-Credit-Social-2-768x432-1-300x169.jpg 300w, https:\/\/faut-le-dire.fr\/wp-content\/uploads\/2021\/08\/Appli-Wechat-Chine-Credit-Social-2-768x432-1.jpg 768w\" sizes=\"auto, (max-width: 366px) 100vw, 366px\" \/><p id=\"caption-attachment-793\" class=\"wp-caption-text\">Cr\u00e9dit social en Chine&#8230; CONTENTS.<\/p><\/div>\n<p>\u00a0<\/p>\n<p>\u00a0<\/p>\n<p>\u00a0<\/p>\n<p>\u00a0<\/p>\n<p>\u00a0<\/p>\n<div id=\"attachment_794\" style=\"width: 341px\" class=\"wp-caption alignleft\"><img loading=\"lazy\" decoding=\"async\" aria-describedby=\"caption-attachment-794\" class=\"wp-image-794 \" src=\"https:\/\/faut-le-dire.fr\/wp-content\/uploads\/2021\/08\/passe-sanitaire-covid-19-768x466-1-300x182.jpg\" alt=\"\" width=\"331\" height=\"201\" srcset=\"https:\/\/faut-le-dire.fr\/wp-content\/uploads\/2021\/08\/passe-sanitaire-covid-19-768x466-1-300x182.jpg 300w, https:\/\/faut-le-dire.fr\/wp-content\/uploads\/2021\/08\/passe-sanitaire-covid-19-768x466-1.jpg 768w\" sizes=\"auto, (max-width: 331px) 100vw, 331px\" \/><p id=\"caption-attachment-794\" class=\"wp-caption-text\">Passeport sanitaire en France&#8230; CONTENTS.<\/p><\/div>\n<p>\u00a0<\/p>\n<p>\u00a0<\/p>\n<p>\u00a0<\/p>\n<p>\u00a0<\/p>\n<p>\u00a0<\/p>\n<p>\u00a0<\/p>\n<p class=\"western\"><span style=\"font-family: comic sans ms, sans-serif; font-size: 12pt; color: #e0e0e0;\">Que dit le \u2018passe\u2019 ? Et comment l\u2019ont compris beaucoup de gens\u00a0?<u> Si vous \u00eates de <\/u><i><u>bons<\/u><\/i><u> citoyens vaccin\u00e9s vous aurez des droits que les <\/u><i><u>mauvais<\/u><\/i><u> n\u2019<\/u><u>aur<\/u><u>ont pas<\/u>\u00a0! Et beaucoup de gens acceptent cette vision des choses dans laquelle ils sont valoris\u00e9s (10). Si on se penche sur cette s\u00e9gr\u00e9gation-l\u00e0 force est de constater qu\u2019elle ressemble comme deux gouttes d\u2019eau au \u00ab\u00a0cr\u00e9dit social\u00a0\u00bb chinois. Il faut rappeler que celui-ci donne, sur la base de renseignements pris sur smartphone (&#8230;tiens, tiens\u00a0!) des notes \u00e0 chaque individu ainsi que des bons points \u2013 ou mauvais points \u2013 qui ouvriront \u2013 ou fermeront \u2013 l\u2019acc\u00e8s \u00e0 des avantages (obtention \u2013 ou refus \u2013 d\u2019un emploi, d\u2019un bon logement, d\u2019un trajet en train, etc). Le \u2018passe\u2019 pourrait bien \u00eatre un premier jet, un brouillon pour en arriver \u00e0 un projet autrement plus intrusif et qui tient de ce mod\u00e8le chinois. \u00c9videmment, cela leur est bien difficile \u00e0 percevoir, pench\u00e9s qu\u2019ils sont sur une lutte des classes \u00e0 l\u2019aide d\u2019une lorgnette v\u00e9tuste dont le verre est devenu opaque. Ils n\u2019ont pas compris (ou tr\u00e8s superficiellement) que <u>le capitalisme d\u2019aujourd\u2019hui restreint les libert\u00e9s individuelles et collectives<\/u>. Ce n\u2019est pas un glissement vers le fascisme \u2013 Macron est un lib\u00e9ral comme tous les autres dirigeants de la CE par exemple \u2013 ce qui pousse \u00e0 la restriction de la libert\u00e9, c\u2019est la logique interne de ce capitalisme <i>\u00e9volu\u00e9 <\/i>(11) . Ils <i>\u00ab\u00a0<\/i><em><i>restent aveugles au fait majeur de notre temps : le tournant totalitaire du capitalisme technologique.\u00a0\u00bb<\/i><\/em> \u00e9crit Renaud Garcia (12) Doit-on pr\u00e9ciser que l\u2019\u00e9conomie chinoise est &#8230;capitaliste\u00a0? m\u00eame si le pays est domin\u00e9 par un parti dit &#8230;communiste. Et que les deux \u2013 loin de s\u2019opposer \u2013 s\u2019accommodent plut\u00f4t bien.<\/span><\/p>\n<p class=\"western\" align=\"center\"><span style=\"font-family: comic sans ms, sans-serif; font-size: 12pt; color: #e0e0e0;\">*<\/span><\/p>\n<p class=\"western\"><span style=\"font-family: comic sans ms, sans-serif; font-size: 12pt; color: #e0e0e0;\">En guise de conclusion. <\/span><\/p>\n<p class=\"western\"><span style=\"font-family: comic sans ms, sans-serif; font-size: 12pt; color: #e0e0e0;\">Ce qui pr\u00e9c\u00e8de n\u2019est plus du domaine de ce qu\u2019on pr\u00e9-voit mais de ce que l\u2019on voit. On peut maintenant ajouter quelques conjectures. L\u2019oligarchie mondialiste et mondialis\u00e9e voudrait profiter de la \u00ab\u00a0fen\u00eatre\u00a0\u00bb \u2013 comme on l\u2019appelle \u00e0 Davos \u2013 que nous vivons en ce moment pour acc\u00e9l\u00e9rer des r\u00e9formes du syst\u00e8me capitaliste mondialis\u00e9 encore difficiles \u00e0 faire passer (13). C\u2019est le moment ou jamais\u2026 on a pu observer un flottement chez Macron qui, dix jours avant de confiner la population, incitait encore \u00e0 sortir (&#8230;au th\u00e9\u00e2tre) comme si de rien n\u2019\u00e9tait. Tout s\u2019est pass\u00e9 comme si le Gotha mondial avait eu besoin de se faire \u00e0 l\u2019id\u00e9e que le moment \u00e9tait venu d\u2019entreprendre une politique risqu\u00e9e o\u00f9 l\u2019avenir se jouait, pour laquelle le syst\u00e8me devait basculer.<\/span><\/p>\n<p class=\"western\"><span style=\"font-family: comic sans ms, sans-serif; font-size: 12pt; color: #e0e0e0;\">Le \u00ab\u00a0monde d\u2019apr\u00e8s\u00a0\u00bb ? Eh bien, comme l\u2019a dit Houellebecq, ce sera le m\u00eame mais en &#8230;pire\u00a0! <\/span><\/p>\n<p class=\"western\"><span style=\"font-family: comic sans ms, sans-serif; font-size: 12pt; color: #e0e0e0;\">\u00c0 nous de nous y prendre correctement pour d\u00e9jouer ces projets. Les comploteurs, ce sont eux, les mandarins mondialis\u00e9s\u00a0dont le parti de Macron en France est le repr\u00e9sentant le plus pur ! Les imposteurs, il y en a beaucoup mais, parmi eux, il y a ces gauchistes qui s\u2019allieront toujours avec le pouvoir &#8230;comme ils le font maintenant.<\/span><\/p>\n<p><img loading=\"lazy\" decoding=\"async\" class=\"size-medium wp-image-795 aligncenter\" src=\"https:\/\/faut-le-dire.fr\/wp-content\/uploads\/2021\/08\/Covid-19-84-300x250.png\" alt=\"\" width=\"300\" height=\"250\" srcset=\"https:\/\/faut-le-dire.fr\/wp-content\/uploads\/2021\/08\/Covid-19-84-300x250.png 300w, https:\/\/faut-le-dire.fr\/wp-content\/uploads\/2021\/08\/Covid-19-84.png 600w\" sizes=\"auto, (max-width: 300px) 100vw, 300px\" \/><\/p>\n<p style=\"text-align: center;\"><span style=\"font-family: comic sans ms, sans-serif;\">***<\/span><\/p>\n<p style=\"text-align: center;\"><span style=\"font-family: comic sans ms, sans-serif; color: #e0e0e0;\">notes<\/span><\/p>\n<p class=\"western\"><span style=\"font-family: comic sans ms, sans-serif; font-size: 12pt; color: #e0e0e0;\">1 _ <u>la date est ici tr\u00e8s importante<\/u> car nous avons des informations aujourd\u2019hui que nous n\u2019avions pas hier. Comme toujours bien s\u00fbr mais les positions d\u00e9pendent \u00e9norm\u00e9ment de ce que l\u2019on sait de l\u2019\u00e9tat de l\u2019\u00e9pid\u00e9mie de coronavirus, de la vaccination dans les divers pays et bien s\u00fbr des d\u00e9cisions des gouvernements qui \u00e9voluent tr\u00e8s vite.<\/span><\/p>\n<p class=\"western\"><span style=\"font-family: comic sans ms, sans-serif; font-size: 12pt;\"><span style=\"color: #000000;\">2_ <a href=\"https:\/\/www.sudeducation.org\/communiques\/pour-la-vaccination-contre-lextreme-droite\/\">https:\/\/www.sudeducation.org\/communiques\/pour-la-vaccination-contre-lextreme-droite\/<\/a><\/span><\/span><\/p>\n<p class=\"western\"><span style=\"font-family: comic sans ms, sans-serif; font-size: 12pt; color: #e0e0e0;\">3_ on se souvient de ce technocrate chinois qui d\u00e9clarait tr\u00e8s beno\u00eetement que si la France avait eu un outil comme le cr\u00e9dit social en vigueur en Chine il n\u2019y aurait jamais eu de mouvement des GJ. Voil\u00e0 <u>des gens pour qui le r\u00f4le du pouvoir est de juguler toute contestation de l\u2019ordre \u00e9tabli.<\/u><\/span><\/p>\n<p class=\"western\"><span style=\"font-family: comic sans ms, sans-serif; font-size: 12pt; color: #e0e0e0;\">4_ il faut vacciner partout dans notre pays et dans le monde<\/span><\/p>\n<p class=\"western\"><span style=\"font-family: comic sans ms, sans-serif; font-size: 12pt; color: #e0e0e0;\">5_ comme dans le proverbe chinois\u00a0: <i>\u00ab\u00a0le doigt montre la lune et l\u2019imb\u00e9cile regarde le doigt.\u00a0\u00bb<\/i> La vaccination ouvre la voie \u00e0 l\u2019immunit\u00e9 collective et quand celle-ci s\u2019envole on continue avec la vaccination comme si de rien n\u2019\u00e9tait.<\/span><\/p>\n<p class=\"western\"><span style=\"font-family: comic sans ms, sans-serif; font-size: 12pt; color: #e0e0e0;\">6_ article sur l\u2019Afrique : <a style=\"color: #e0e0e0;\" href=\"https:\/\/www.covid-factuel.fr\/2021\/09\/05\/covid-le-miracle-africain\/\">https:\/\/www.covid-factuel.fr\/2021\/09\/05\/covid-le-miracle-africain\/<\/a><br \/><\/span><\/p>\n<p class=\"western\"><span style=\"font-family: comic sans ms, sans-serif; font-size: 12pt; color: #e0e0e0;\">7_ voir la fa\u00e7on dont M\u00e9diapart a censur\u00e9 brutalement l\u2019article de Laurent Mucchielli qui comptabilisait, entre autres, le nombre de d\u00e9c\u00e8s dus &#8230;aux vaccins\u00a0! Ces grands admirateurs de la Science ne peuvent pas supporter qu\u2019on compte les morts, les malades,\u2026 dans cette entreprise de vaccination qui ne peut pas &#8230;ne pas \u00eatre bonne\u00a0!<\/span><\/p>\n<p class=\"western\"><span style=\"font-family: comic sans ms, sans-serif; font-size: 12pt; color: #e0e0e0;\">8_ on ne traitera pas ici de la transformation proprement miraculeuse de <i>cette th\u00e9rapie g\u00e9nique exp\u00e9rimentale<\/i> en <i>vaccins \u00e9prouv\u00e9s. <\/i>Magie de l\u2019OMS et des divers gouvernements\u00a0!<\/span><\/p>\n<p class=\"western\"><span style=\"font-family: comic sans ms, sans-serif; font-size: 12pt; color: #e0e0e0;\">9_ au passage, pour en rajouter \u00e0 la peur que Macron et ses sbires ont distill\u00e9e avec g\u00e9n\u00e9rosit\u00e9 dans la population ils nous disent que la crise <i>\u00ab\u00a0s\u2019empire <\/i>(sic) <i>de vague en vague.\u00a0\u00bb<\/i> Ces gens-l\u00e0 manquent de donn\u00e9es ou de la curiosit\u00e9 \u00e9l\u00e9mentaire d\u2019aller les chercher\u00a0! La 4\u00b0 vague fut plus courte et plus faible que la 3\u00b0 qui elle-m\u00eame fut plus faible que la 2\u00b0, etc&#8230; Il suffit de prendre les statistiques officielles.<\/span><\/p>\n<p class=\"western\"><span style=\"color: #e0e0e0; font-family: comic sans ms, sans-serif; font-size: 12pt;\">10_ voir les exp\u00e9riences du psychologue Milgram r\u00e9v\u00e9latrices de ce fonctionnement mental.<\/span><\/p>\n<p class=\"western\"><span style=\"font-family: comic sans ms, sans-serif; font-size: 12pt;\"><span style=\"color: #e0e0e0;\">11_ je renvoie \u00e0 notre article\u00a0(&#8230;de mai 2012 !) : <\/span><a href=\"http:\/\/faut-le-dire.over-blog.com\/pages\/Capitalisme_et_totalitarisme_De_la_contrainte_dans_une_societe_industrielle_La_nature_la_technologie_le_totalitarisme_et_la_democratie\">http:\/\/faut-le-dire.over-blog.com\/pages\/Capitalisme_et_totalitarisme_De_la_contrainte_dans_une_societe_industrielle_La_nature_la_technologie_le_totalitarisme_et_la_democratie<\/a><\/span><\/p>\n<p class=\"western\"><span style=\"font-family: comic sans ms, sans-serif; font-size: 12pt; color: #e0e0e0;\">On peut lire aussi les excellents livres de <b>Bernard Charbonneau<\/b> (&#8230;mort en 1996\u00a0!) dont voici un extrait\u00a0: <i>\u00ab Pour contr\u00f4ler les dangers de moyens de plus en plus puissants et fragiles parce que complexes, g\u00e9rer un espace et des ressources qui s\u2019\u00e9puisent, pr\u00e9voir et <\/i><i>ma\u00eetriser<\/i><i> les r\u00e9actions humaines qui emp\u00eacheraient de le faire, <\/i><strong><i><u>on est oblig\u00e9 de renforcer l\u2019organisation<\/u><\/i><\/strong><i>. <\/i><strong><i><u>On est contraint de tout conna\u00eetre, tout calculer, tout pr\u00e9voir pour ce qui est de la nature et de l\u2019homme<\/u><\/i><\/strong><i><u>.<\/u><\/i><i> Et comme le ph\u00e9nom\u00e8ne d\u00e9passe les fronti\u00e8res, seule une organisation \u2013 un <\/i><i>\u00c9tat<\/i><i> \u2013 mondial, g\u00e9rant l\u2019ensemble plan\u00e9taire par ordinateur, peut \u00e9viter le d\u00e9sastre. [\u2026] dans le meilleur des cas<\/i><i><b> <\/b><\/i><strong><i><u><b>l\u2019homme ne se serait d\u00e9gag\u00e9 d\u2019une nature totale que pour se livrer \u00e0 une autre totalitaire<\/b><\/u><\/i><\/strong><i><u><b>.<\/b><\/u><\/i><i>\u00a0\u00bb <\/i><em>Bernard Charbonneau. Le feu vert 1980 Ed. Parangon 2009<\/em><\/span><\/p>\n<p class=\"western\"><span style=\"font-family: comic sans ms, sans-serif; font-size: 12pt; color: #e0e0e0;\">12_ <em>\u00ab\u00a0<\/em><em>le d\u00e9sert de la critique\u00a0\u00bb <\/em>Ed. De l\u2019\u00e9chapp\u00e9e .<\/span><\/p>\n<p class=\"western\"><span style=\"font-size: 12pt; color: #e0e0e0;\"><span style=\"font-family: comic sans ms, sans-serif;\">13_ <\/span><span style=\"font-family: Cambria, serif;\"><span style=\"font-family: comic sans ms, sans-serif;\">les catastrophes peuvent \u00eatre bien utiles au capitalisme. Voir Naomi Klein sur ce sujet.<\/span> <\/span><\/span><\/p>\n<p style=\"text-align: center;\"><span style=\"font-family: comic sans ms, sans-serif; color: #e0e0e0;\">**<\/span><\/p>\n<p class=\"western\"><span style=\"font-size: 12pt; color: #e0e0e0;\"><span style=\"font-family: comic sans ms, sans-serif;\"><b>Les virus du gauchisme 3 &#8211; <\/b><b>Addendum\u00a0<\/b>(<strong>23<\/strong>\/09\/2021) : Il se trouve que l\u2019Union Europ\u00e9enne et tous ses sbires ont, depuis au moins juin 2021, envisager de mettre en circulation un fameux \u2018C\u00e9same, Ouvre-toi\u2019 \u00e0 la chinoise et il semble que les divers pays aient accept\u00e9 de faire des pr\u00e9paratifs d\u2019ici 2022. Le portefeuille digital \u2013 oh, pardon je parlais une langue d\u00e9su\u00e8te \u2026\u00a0! \u2013 le digital wallet est donc en route, qui contiendra bien des documents\u00a0: <em><i>\u00ab\u00a0le smartphone suffira ainsi pour prendre l&rsquo;avion ou pour louer une voiture. Il sera \u00e9galement possible d\u2019ajouter \u00e0 ce portefeuille d&rsquo;autres documents personnels\u00a0: la Commission \u00e9voque notamment le permis de conduire, des comptes bancaires et m\u00eame des dipl\u00f4mes. En France, on devrait aussi pouvoir y stocker sa carte Vitale.\u00a0\u00bb <\/i><\/em>Pour l\u2019instant \u2013 \u00e0 son instauration \u2013 il serait optionnel. Personne ne serait oblig\u00e9 d\u2019en poss\u00e9der un. Un peu comme le t\u00e9l\u00e9phone portable que beaucoup ne poss\u00e9daient pas il y a vingt ans et que, depuis quelques ann\u00e9es, on ne peut pas ne pas avoir si on doit prendre un avion\u2026 par exemple. Mais pour m\u00e9moire\u00a0: la carte d\u2019identit\u00e9 en France qui passait pour des esprits \u00e9clair\u00e9s du d\u00e9but du XX\u00b0 s comme une infamie juste bonne pour contr\u00f4ler des esclaves \u2013 voir les propos de Bernanos sur le sujet ou ceux d\u2019anarchistes comme Augustin Souchy \u2013 est devenue obligatoire\u2026 sous le r\u00e9gime de Vichy\u00a0! Mais nos gauchistes si prompts \u00e0 d\u00e9gainer les accusations de vichystes ou d\u2019extr\u00eame droite n\u2019en ont pas la moindre id\u00e9e. <\/span><span style=\"font-family: Cambria, serif;\"><span style=\"font-family: comic sans ms, sans-serif;\">On parie qu\u2019ils soutiendront l\u2019initiative \u2026\u00e0 part s\u2019il y a un mouvement populaire d\u2019opposition (de gauche, bien s\u00fbr!) pour r\u00e9cup\u00e9rer quelques militants candides.<\/span> <\/span><\/span><\/p>\n<div id=\"attachment_797\" style=\"width: 473px\" class=\"wp-caption aligncenter\"><img loading=\"lazy\" decoding=\"async\" aria-describedby=\"caption-attachment-797\" class=\"wp-image-797 \" src=\"https:\/\/faut-le-dire.fr\/wp-content\/uploads\/2021\/08\/identite-numerique-europeenne-300x159.jpg\" alt=\"\" width=\"463\" height=\"245\" srcset=\"https:\/\/faut-le-dire.fr\/wp-content\/uploads\/2021\/08\/identite-numerique-europeenne-300x159.jpg 300w, https:\/\/faut-le-dire.fr\/wp-content\/uploads\/2021\/08\/identite-numerique-europeenne-1024x543.jpg 1024w, https:\/\/faut-le-dire.fr\/wp-content\/uploads\/2021\/08\/identite-numerique-europeenne-768x407.jpg 768w, https:\/\/faut-le-dire.fr\/wp-content\/uploads\/2021\/08\/identite-numerique-europeenne.jpg 1524w\" sizes=\"auto, (max-width: 463px) 100vw, 463px\" \/><p id=\"caption-attachment-797\" class=\"wp-caption-text\">M. Verstager et T. Breton &#8211; digital identity for all europeans<\/p><\/div>\n<p align=\"left\">\u00a0<\/p>\n<p style=\"text-align: center;\" align=\"left\">&lt;&lt;&lt;&lt;&lt;&lt;&lt;&lt;&lt;&lt;&lt;&lt;&lt;&lt;&gt;&gt;&gt;&gt;&gt;&gt;&gt;&gt;&gt;&gt;&gt;&gt;<\/p>\n<p align=\"left\">\u00a0<\/p>\n<p class=\"western\" align=\"right\"><b>6 ao\u00fbt 2021<\/b><\/p>\n<p class=\"western\" align=\"center\"><span style=\"font-size: 18pt;\"><b>Les virus du gauchisme 2<\/b><\/span><\/p>\n<p align=\"center\">\u00a0<\/p>\n<p class=\"western\">J\u2019ai re\u00e7u hier un texte de <i>Michel Lepesant et Aude Vidal <\/i>paru sur le site internet Reporterre que vous pouvez lire \u00e0 cette adresse\u00a0: <a href=\"https:\/\/reporterre.net\/La-democratie-sanitaire-c-est-quand\">https:\/\/reporterre.net\/La-democratie-sanitaire-c-est-quand<\/a> . Ce qui suit en est une critique. Le jeudi 5\/08\/2021 la situation est \u2013 sans surprise \u2013 bloqu\u00e9e par le Conseil Constitutionnel. Plus aucun recours l\u00e9gal contre le passe sanitaire. Des manifestations sont pr\u00e9vues samedi 7\/08\/2021&#8230;<\/p>\n<ul>\n<li class=\"western\"><em><b>\u00ab\u00a0La crise du Covid-19 nous confirme que la pouss\u00e9e autoritaire n\u2019est pas le seul fait de l\u2019extr\u00eame droite \u2014\u00a0au pouvoir ou \u00e0 ses portes dans de nombreux pays d\u2019Europe (Italie, Pologne, Hongrie, Espagne\u2026)\u00a0\u00bb<\/b><\/em><i><b>,<\/b><\/i> est-il \u00e9crit dans ce texte.<\/li>\n<\/ul>\n<p class=\"western\">On d\u00e9bute avec une belle na\u00efvet\u00e9 en s\u2019\u00e9tonnant que le lib\u00e9ralisme pourrait glisser (une d\u00e9rive&#8230; accidentelle ? ) vers un r\u00e9gime autoritaire (1). La Chine dont le syst\u00e8me \u00e9conomique est lib\u00e9ral depuis des d\u00e9cennies a un r\u00e9gime politique des plus autoritaires. Et rien ne dit que ce mode de gouvernement ne pourrait pas s\u2019exporter.<\/p>\n<p class=\"western\">L\u2019article montre un alignement id\u00e9ologique sur la vision lib\u00e9rale des sph\u00e8res ouest europ\u00e9ennes qui opposent les r\u00e9gimes \u00ab lib\u00e9raux \u00bb de l\u2019ouest et \u00ab illib\u00e9raux \u00bb de l\u2019Est de l\u2019Europe et montre qu\u2019on reste dans une probl\u00e9matique assez banale&#8230; la gauche n\u2019est pas morte. Visiblement.<\/p>\n<ul>\n<li class=\"western\"><em>\u00ab\u00a0<b>Les 100\u00a0000 morts fran\u00e7aises des douze premiers mois de la pand\u00e9mie sont ni\u00e9es ou jug\u00e9es insignifiantes \u2014 \u00ab\u00a0parce que tu crois aux chiffres, toi\u00a0?\u00a0\u00bb\u00a0\u2014, sinon normales \u2014 \u00ab\u00a0puisqu\u2019il faut bien mourir un jour\u00a0\u00bb.\u00a0\u00bb<\/b><\/em><\/li>\n<\/ul>\n<p class=\"western\">Ces auteurs opposent effectivement les gens bien \u2013 eux \u2013 et les beaufs climato sceptiques ET niant que le covid a fait des morts. Avant de dire que le nombre de morts est insignifiant ou pas, il faudrait d\u2019abord ne pas \u00e9vacuer imm\u00e9diatement \u2013 sous pr\u00e9texte de sacril\u00e8ge contre la pens\u00e9e unique \u2013 tous les questionnements sur le sujet. Et des r\u00e9ponses claires \u00e0 cette question, il y en a ! Je renvoie aux \u00e9tudes statistiques faites sur le sujet, notamment sur le site <u>D\u00e9coder l\u2019\u00e9co<\/u> &#8230;\u00e0 moins qu\u2019il soit interdit d\u2019en parler, bien entendu. Ce qui, avec les aboyeurs-d\u00e9codeurs du Monde et de Lib\u00e9ration, ne serait pas exclu !<\/p>\n<p class=\"western\">Ajoutons au cas o\u00f9 les duettistes n\u2019auraient pas saisi, qu\u2019il est vrai qu\u2019il y a eu des morts du covid, que cette maladie n\u2019est pas une vue de l\u2019esprit et qu\u2019elle peut \u00eatre grave et mortelle. Je ne vois personne qui nie cela. Le probl\u00e8me est ailleurs\u2026 pour tout le monde. M\u00eame (&#8230;surtout ) dans les manifestations.<\/p>\n<p class=\"western\">La question que beaucoup se sont pos\u00e9e est\u00a0: peut-on utiliser nos savoirs pour r\u00e9fl\u00e9chir et proposer des \u00e9valuations, des statistiques, des compr\u00e9hensions, etc qui soient en contradiction avec celles \u00e9manant des autorit\u00e9s ou de ses nombreux satellites m\u00e9diatiques et politiques\u00a0?<\/p>\n<p class=\"western\">Le sentiment de la plupart des gens est que non, que dans la logique du gouvernement mais aussi de tous ceux qui s\u2019accordent avec lui peu ou prou il faut participer \u00e0 la chasse \u00e0 toute pens\u00e9e d\u00e9viante. Dans un combat permanent. (2)<\/p>\n<p class=\"western\">Bien \u00e9videmment, si Macron a parl\u00e9 d\u00e8s le d\u00e9but de \u00ab guerre \u00bb, ce n\u2019est pas un hasard. Dans une guerre, ceux qui ne sont pas avec nous sont des ennemis et doivent \u00eatre combattus comme tels. Nous en sommes l\u00e0 depuis un an et demi. Quand on nous dit dans cet article que l\u2019on devrait \u2013 j\u2019adore le conditionnel ! \u2013 pouvoir d\u00e9battre avec des \u00ab informations claires et partag\u00e9es, y compris bien s\u00fbr scientifiques \u00bb, je me dis que cette affirmation bien l\u00e9g\u00e8re ne prend absolument pas en compte les arcanes des milieux scientifiques emp\u00eatr\u00e9s dans leurs int\u00e9r\u00eats de caste, leurs int\u00e9r\u00eats financiers, et les milieux m\u00e9diatiques et politiques ne sont pas en reste. Quel d\u00e9bat pourrions-nous avoir alors que de grands coups de com ne cessent d\u2019\u00eatre lanc\u00e9s par tous ces politico m\u00e9diatico m\u00e9dicaux qui semblent bien d\u2019accord pour brouiller la circulation de l\u2019info et emp\u00eacher la contestation d\u00e8s qu\u2019elle appara\u00eet. Combien de sites, d\u2019articles ont \u00e9t\u00e9 censur\u00e9s ! (M\u00e9diapart r\u00e9cemment avec l\u2019article de L. Mucchielli sur les probl\u00e8mes pos\u00e9s par l\u2019injection du vaccin). (3) (4)<\/p>\n<ul>\n<li class=\"western\"><em><b>\u00ab\u00a0c\u2019est l\u2019id\u00e9e m\u00eame de mesures collectives destin\u00e9es \u00e0 prendre soin de la sant\u00e9 de tous et toutes qui est jug\u00e9e en soi inacceptable\u00a0\u00bb<\/b><\/em><\/li>\n<\/ul>\n<p class=\"western\">Il faudrait se poser quelques questions : qui donc a interdit aux m\u00e9decins de soigner d\u00e8s le printemps 2020 ? d\u2019utiliser des m\u00e9dicaments utilis\u00e9s dans une multitude de pays du Tiers Monde qui ne sont pas si regardants ? Qui a falsifi\u00e9 des \u00e9tudes jusque dans les hautes sph\u00e8res des \u2018prestigieuses\u2019 revues m\u00e9dicales pour nuire \u00e0 des \u00e9valuations de ces m\u00e9dicaments ? Qui a racont\u00e9 des bobards surr\u00e9alistes sur les masques, les tests, etc ? Et l\u2019on devrait, selon les auteurs du texte, oublier tout \u00e7a et se concentrer sur la vaccination pseudo obligatoire et la strat\u00e9gie gouvernementale ? Accepter que telle soit la seule et unique solution au probl\u00e8me qui nous est collectivement (oui, collectivement, bien s\u00fbr !) pos\u00e9 ! voil\u00e0 qui est \u00e9trange.<\/p>\n<p class=\"western\">Les auteurs n\u2019ont qu\u2019une vision biais\u00e9e de la situation : d\u2019un c\u00f4t\u00e9, les individualistes qui veulent leur libert\u00e9 (sans s\u2019occuper des autres) et, de l\u2019autre, les altruistes soucieux du bien commun qui, grosso modo, suivent les consignes gouvernementales (m\u00eame si on \u00e9met quelques critiques sur celles-ci\u2026 pour faire bon poids, ne pas para\u00eetre trop favorables au gouvernement, tout de m\u00eame !). Ils veulent voir la r\u00e9alit\u00e9 en blanc et noir ; eux, sont les repr\u00e9sentants du Bien et les autres, critiques et manifestant cette critique, sont ceux du Mal. \u00c0 caricaturer de la sorte on \u00e9vacue la r\u00e9alit\u00e9. Cependant, cette r\u00e9alit\u00e9 est l\u00e0 et elle a la t\u00eate dure !<\/p>\n<ul>\n<li class=\"western\"><em><b>\u00ab\u00a0ces ultralib\u00e9raux hyperindividualistes \u2026 ont trouv\u00e9 des relais chez celles et ceux avec qui nous avions, il y a encore peu, tant d\u2019affinit\u00e9s politiques\u00a0\u00bb.<\/b><\/em><\/li>\n<\/ul>\n<p class=\"western\">Toujours dans l\u2019incantation contre les \u00ab\u00a0ultra\u00a0\u00bb lib\u00e9raux\u00a0? <b>c\u2019est bien ainsi qu\u2019on reconna\u00eet la gauche qui, ne voulant plus condamner le lib\u00e9ralisme, se contente de conspuer l\u2019ultra lib\u00e9ralisme !<\/b> Et des libertariens, allons donc.<\/p>\n<p class=\"western\">Je ne compte pas parmi \u00ab cell\u00e9ceux \u00bb avec qui vous aviez tant d\u2019affinit\u00e9s, sans doute. Mais je suis avec ceux qui se d\u00e9fendent bec et ongles contre le pouvoir qui veut contraindre tout le monde \u00e0 rentrer dans le rang. Et <b>il ne s\u2019agit pas, <\/b><b>ni pour moi ni pour la plupart de ceux qui manifestent, <\/b><b>de s\u2019en tirer tout seul <\/b><b>(&#8230;<\/b><b>e<\/b><b>n disant\u00a0:<\/b><b> merde pour les autres ! &#8230;<\/b><b>qu\u2019est-ce qu\u2019on ferait <\/b><b>tous <\/b><b>ensemble dans les manifestation<\/b><b>s,<\/b><b> alors\u00a0?<\/b><b>)<\/b>.<\/p>\n<p class=\"western\">Il s\u2019agit de commencer \u00e0 assumer qu\u2019on ne veut plus se laisser tondre. Ce qui se met en place \u2013 n\u2019en d\u00e9plaise \u00e0 ces gens tr\u00e8s tol\u00e9rants vis \u00e0 vis du pouvoir \u2013 c\u2019est un syst\u00e8me autoritaire, comme dit dans l\u2019article de Reporterre. Sauf que, ce qui vous \u00e9chappe, chers auteurs, c\u2019est que l\u2019\u00e9volution de ce syst\u00e8me n\u2019est pas seulement un accident du fait de la malignit\u00e9 de notre cher Macron, mais bien une \u00e9volution lourde de nos soci\u00e9t\u00e9s lib\u00e9rales depuis longtemps maintenant. \u00c0 preuve bien s\u00fbr, le fait que la crise (sanitaire et politique) est mondiale et que toutes les soci\u00e9t\u00e9s occidentales r\u00e9agissent \u00e0 l\u2019unisson (ou presque). Ce qui pointe le bout du nez, \u00e0 travers l\u2019atomisation de chaque individu et l\u2019informatisation de toutes les activit\u00e9s sociales, c\u2019est, au-del\u00e0 du passe sanitaire, un \u00ab cr\u00e9dit social \u00bb chinois &#8230;\u00e0 la fran\u00e7aise. Une structure de surveillance de tous et capable de sanctionner les d\u00e9viants (ceux qui ne se font pas vacciner, par ex, alors qu\u2019il y a obligation). Ce qu\u2019on voit en Chine est de fait tout \u00e0 fait compatible avec l\u2019\u00e9conomie, la croissance, etc. La \u00ab fen\u00eatre \u00bb qu\u2019il ne faut pas manquer et dont parle Klaus Schwab, \u00e9minence grise de Davos, doit permettre l\u2019accomplissement des changements qualitatifs jusqu\u2019alors impossibles \u00e0 mettre en \u0153uvre du fait de la r\u00e9sistance des peuples : \u00e7a ne doit pas \u00eatre rat\u00e9. Les divers pouvoirs s\u2019y emploient. C\u2019est cette situation que nous vivons aujourd\u2019hui.<\/p>\n<ul>\n<li class=\"western\"><em><b>\u00ab\u00a0N<\/b><b>ous pr\u00f4nons donc une d\u00e9mocratie sanitaire, dont les d\u00e9bats contradictoires seront fond\u00e9s sur des connaissances mieux diffus\u00e9es, plut\u00f4t que sur des \u00ab\u00a0certitudes\u00a0\u00bb \u00e2nonn\u00e9es sans rel\u00e2che comme des dogmes\u00a0\u00bb<\/b><\/em><\/li>\n<\/ul>\n<p class=\"western\">Pr\u00f4nez donc. Qui serait en d\u00e9saccord\u00a0avec cette initiative, de toute fa\u00e7on ? Le pouvoir macronien pense qu\u2019il est bien trop bon de ne pas (encore) r\u00e9primer les manifestants. L\u2019\u00e9lectorat de Zeus, le bobo pr\u00e9sident, r\u00e9clame la r\u00e9pression. Question strat\u00e9gie pour gagner le pouvoir, ce monsieur s\u2019y entend. Il est arm\u00e9 d\u2019une cohorte de professionnels de la communication. La route est trac\u00e9e maintenant.<\/p>\n<p class=\"western\">Votre cat\u00e9chisme de gauche, m\u2019sieu-dame ( ma fa\u00e7on d\u2019\u00eatre inclusif ) les auteurs \u2013 comme \u00e0 chaque fois \u2013 indique que vous avez quelques d\u00e9cennies de retard. Le d\u00e9bat d\u00e9mocratique sur la sant\u00e9 ? Mais qui peut l\u2019organiser ? Qui <strong>peut<\/strong> l\u2019imposer\u00a0 ( dirons-nous, pour para\u00eetre plus \u00ab militant \u00bb) ? les r\u00e9gimes lib\u00e9raux ne le sont plus ( l\u2019ont-ils jamais \u00e9t\u00e9 ? ) et ils veulent maintenant imposer sans faillir leur volont\u00e9 : c\u2019est la guerre, m\u2019sieu-dame, et l\u2019enjeu est m\u00e9dical et scientifique ; donc il n\u2019y a que du vrai et du faux. D&rsquo;apr\u00e8s eux. Ils nous l\u2019ass\u00e8nent en permanence. Dans cette mesure, l\u2019occasion est r\u00eav\u00e9e de passer en force car ils ont r\u00e9ussi \u00e0 faire croire qu\u2019ils avaient raison \u00e0 une majorit\u00e9 de ce peuple. Pauvres de nous !<\/p>\n<p class=\"western\">Note 1\u00a0: Pourtant, Bernard Charbonneau nous avait pr\u00e9venu depuis des lustres.<\/p>\n<p class=\"western\">Note 2 : D\u00e8s que quelqu&rsquo;un de poids &#8211; un m\u00e9decin, un scientifique, un universitaire &#8211; met en doute la version officielle, les chiens sont l\u00e2ch\u00e9s. Dernier l\u00e2cher en date, Midi Libre, jamais en reste, nous transmet ce que l&rsquo;Ordre des m\u00e9decins qui n&rsquo;en est pas \u00e0 sa premi\u00e8re infamie raconte sur le compte d&rsquo;un m\u00e9decin qui prend la parole lors des manifestations montpellieraines. C&rsquo;est pas de la tarte.<\/p>\n<p class=\"western\">Note 3 : Devinez de quel c\u00f4t\u00e9 jouent les fessebouc, les touiteur, et toutes ces boites \u00e0 gros d\u00e9bit et \u00e0 grosses finances ? Profession de foi : le pouvoir a raison. Et ils censurent comme non scientifique et donc feillequeniouze tout ce qui s\u2019y oppose. Qui veut d\u00e9battre ?<\/p>\n<p>Note 4 : Dans l&rsquo;hebdomadaire Marianne du 19\/08\/21 on apprend que <em>\u00a0\u00bb Louis Fouch\u00e9 est le m\u00e9decin r\u00e9animateur qui a fond\u00e9 le site de d\u00e9sinformation R\u00e9info Covid, l&rsquo;un des principaux pourvoyeurs de fausses informations sur la pand\u00e9mie de Covid 19. \u00ab\u00a0<\/em> &#8230;Rien que \u00e7a ! Comment est-il possible d&rsquo;en arriver \u00e0 un tel parti pris ? Est-il possible encore dans cet \u00e9tat de d\u00e9liquescence de la pens\u00e9e de discuter vraiment sur des donn\u00e9es scientifiques ? Cela semble \u00e0 beaucoup ne plus relever du journalisme mais de la manipulation. Et, bien entendu, le cas de ce journal (de gauche) n&rsquo;est pas un cas isol\u00e9. On est dans un feu roulant et permanent de d\u00e9nonciations calomnieuses de tout avis d\u00e9viant de la doxa macronienne. La soci\u00e9t\u00e9 est en proie \u00e0 la parano\u00efa. La premi\u00e8re chose consisterait d&rsquo;en prendre acte si on veut &#8230;d\u00e9battre !\u00a0 \u00a0<\/p>\n<p>\u00a0<\/p>\n<p style=\"text-align: center;\">&lt;&lt;&lt;&lt;&lt;&lt;&lt;&lt;&lt;&lt;&gt;&gt;&gt;&gt;&gt;&gt;&gt;&gt;<\/p>\n<p align=\"right\">5 Ao\u00fbt 2021<\/p>\n<p style=\"text-align: center;\" align=\"right\"><em>\u00ab\u00a0ils ne se r\u00e9volteront que lorsqu&rsquo;ils seront devenus conscients et ils ne pourront devenir conscients qu\u2019apr\u00e8s s&rsquo;\u00eatre r\u00e9volt\u00e9s \u00bb<\/em>\u00a0\u00a0\u00a0 ( George Orwell-1984 )<\/p>\n<p align=\"center\"><span style=\"font-size: 18pt;\"><strong>Les virus du gauchisme 1<br \/><\/strong><\/span><\/p>\n<p style=\"text-align: center;\" align=\"left\"><em>\u00ab la mise en parall\u00e8le des mesures macroniennes sur le passe sanitaire et le g\u00e9nocide hitl\u00e9rien n\u2019est pas &lsquo; largement excessive &lsquo;, elle est &lsquo; abjecte &lsquo;, &lsquo; d\u00e9gueulasse &lsquo;. \u00bb<\/em><\/p>\n<p align=\"left\"><br \/>Le gouvernement a d\u00e9cid\u00e9 d\u2019instaurer l\u2019utilisation d\u2019un passe(port) sanitaire en ce mois de juillet 2021 afin, disent-ils, de juguler l\u2019\u00e9pid\u00e9mie de Covid 19 en \u00ab\u00a0en faisant porter tout le poids sur les non vaccin\u00e9s\u00a0\u00bb, dixit notre pr\u00e9sident. Certaines personnes oppos\u00e9es \u00e0 celui-ci l\u2019ont compar\u00e9 \u00e0 l\u2019\u00e9toile jaune arbor\u00e9e aux fins de discrimination des juifs par les nazis pendant la seconde guerre mondiale. Les termes de cette comparaison ont, en g\u00e9n\u00e9ral, paru extr\u00eamement d\u00e9plac\u00e9es. Par ailleurs, une frange, particuli\u00e8rement dans un milieu de gauche radicale, n\u2019a cess\u00e9 de surench\u00e9rir\u00a0: non, pas seulement d\u00e9plac\u00e9e mais \u00ab\u00a0abjecte\u00a0\u00bb, \u00ab\u00a0d\u00e9gueulasse\u00a0\u00bb. Et ainsi crescendo. Trouvera-ton des mots assez forts pour d\u00e9peindre l\u2019horreur dont les accus\u00e9s se sont rendus coupables\u00a0?<\/p>\n<p align=\"left\">Cette avalanche de superlatifs est-elle tout simplement une inclination \u00e0 l\u2019exc\u00e8s dans un milieu qui, incapable de garder le calme n\u00e9cessaire \u00e0 l\u2019analyse, s\u2019\u00e9gare parfois dans la surench\u00e8re ? Ou bien d\u2019autre chose.<\/p>\n<p align=\"left\">Pour beaucoup, la mise en parall\u00e8le des mesures macroniennes sur le passe sanitaire et du g\u00e9nocide hitl\u00e9rien est largement excessive \u2013 du reste, on n\u2019a plus vu ces \u00e9toiles d\u00e8s la deuxi\u00e8me manifestation. L\u2019image qui confond l\u2019entr\u00e9e d\u2019un camp de concentration &#8211; ou plut\u00f4t d&rsquo;extermination &#8211; au passe sanitaire est tout \u00e0 fait ind\u00e9cente. L\u2018entr\u00e9e dans le camp d&rsquo;Auschwitz \u00e9quivalait \u00e0 la mort atroce dans les chambres \u00e0 gaz. Alors que la discrimination des non vaccin\u00e9s conduit \u00e0 une vie sociale amput\u00e9e de certains acc\u00e8s passant jusqu\u2019\u00e0 pr\u00e9sent comme tellement ordinaires que certains consid\u00e8rent cette exclusion comme abominable. Ceci dit, nous entendons bien que, comme disait Talleyrand, \u00ab tout ce qui est excessif est insignifiant. \u00bb Il est vrai que, pour certains opposants \u00e0 cette mesure du gouvernement de Macron, on d\u00e9rive beaucoup sur le sens des mots et on met sur le m\u00eame plan des choses qui se situent \u00e0 des degr\u00e9s bien diff\u00e9rents. Sans compter que les croyances na\u00efves de nature \u00e0 enflammer ces tr\u00e8s nouveaux &lsquo; militants &lsquo; trouvent un terrain propice dans un milieu bien peu politis\u00e9.<\/p>\n<p align=\"left\">Que penser maintenant de ceux qui surench\u00e9rissent dans leurs critiques avec des propos qu\u2019on peut aussi consid\u00e9rer comme outranciers. Abject, d\u00e9gueulasse, avons-nous not\u00e9 mais aussi scandaleux, inepte, etc. (sans oublier \u00ab\u00a0tristes clowns\u00a0\u00bb, bien s\u00fbr). Ne pourrait-on pas utiliser la phrase de Talleyrand pour ceux-l\u00e0 aussi bien\u00a0? Cette volont\u00e9 de d\u00e9signer ce genre de d\u00e9voiement comme l\u2019infamie la plus grave n\u2019est-elle pas aussi tout \u00e0 fait excessive\u00a0? Ne r\u00e9v\u00e8le-t-elle pas quelque chose qu\u2019ils voudraient passer sous silence\u00a0?<\/p>\n<p align=\"left\">Dans un milieu de contestataires forcen\u00e9s il faut, pour s\u2019aligner sur les m\u00eames positions que celles du gouvernement, trouver de bonnes raisons. Bien grosses, bien lourdes. Les opposants auxquels on ne voudra absolument pas se joindre doivent passer pour des fous, des idiots, des malades mentaux, ou\u2026 encore bien pire\u00a0: des fachos\u00a0!<\/p>\n<p align=\"left\">Tout d\u2019abord, ce si \u00e9vident malaise subi est la marque de notre triste \u00e9poque. Mon ressenti, c\u2019est mon droit\u00a0! Comme disent les woke, auxquels souvent ils embo\u00eetent le pas. Ils s\u2019estiment en droit de disqualifier tous ces gens qui manifestent contre le passe car cela les offense de voir des \u00e9toiles ou des photos de camp. Mais au del\u00e0 de ces images, ils pensent sinc\u00e8rement inutile d\u2019aller voir au plus pr\u00e8s ce qui se passe dans les manifestations. Rien ne les pousse \u00e0 aller au-del\u00e0 de leur \u2026sensation de d\u00e9go\u00fbt\u00a0! \u00ab\u00a0Ces \u00ab\u00a0gens-l\u00e0\u00a0\u00bb [les antivax, comme ils les appellent] sont tellement fous que je ne peux pas manifester avec eux.\u00a0\u00bb Voil\u00e0 o\u00f9 ils en sont. On peut se demander s\u2019il n\u2019y a pas autre chose sous ce malaise qu\u2019ils manifestent avec ostentation.<\/p>\n<p align=\"left\">Ces opposants \u00ab ontologiques \u00bb ne trouvent pas leur place dans ces manifestations car ils sont, tout simplement, partisans de la politique gouvernementale. Pour la vaccination assur\u00e9ment \u2013 &#8230;obligatoire ? On ne sait pas ! \u2013 mais sans aucun doute contre cette contestation (<em>\u00ab Celles et ceux qui ont choisi de ne pas se faire vacciner ne risquent pas d\u2019\u00eatre rafl\u00e9\u00b7e\u00b7s, d\u00e9port\u00e9\u00b7e\u00b7s et extermin\u00e9\u00b7e\u00b7s. Tout au plus risquent-ils de finir leur existence dans un service de r\u00e9animation, aux frais du contribuable, en contribuant \u00e0 l\u2019\u00e9puisement du personnel soignant. [1] On aimerait qu\u2019ils aient la d\u00e9cence d\u2019\u00e9viter de nous pomper l\u2019oxyg\u00e8ne d\u00e8s maintenant ! \u00bb<\/em>). Et ils sont favorables \u00e0 la \u00ab guerre \u00bb contre le virus mais aussi contre les fous qui ne veulent pas se faire vacciner\u2026 et m\u00eame contre ceux qui sont contre le passe sanitaire sur lequel &#8230;ils n\u2019estiment pas n\u00e9cessaire qu&rsquo;ils \u00e9mettent un avis. Ce s\u00e9same ouvre-toi qui ressemble au \u00ab cr\u00e9dit social \u00bb instaur\u00e9 en Chine.<\/p>\n<p align=\"left\">Fondamentalement, ce qui emp\u00eache ces gens de se joindre aux manifestants est qu\u2019ils sont largu\u00e9s par le peuple qui refuse d\u2019entendre leurs arguments et n\u2019adopte en rien leurs points de vue.<\/p>\n<p align=\"left\">Se joindre au peuple est impossible car il faudrait renoncer \u00e0 quelque chose pour eux essentiel. <em>\u00ab\u00a0on est en droit de pr\u00e9f\u00e9rer son lit douillet ou ce qu\u2019on voudra, sans qu\u2019il soit question de \u00ab\u00a0puret\u00e9 immacul\u00e9e\u00a0\u00bb et de \u00ab\u00a0tour d\u2019ivoire\u00a0\u00bb\u00a0\u00bb<\/em>, disent-ils. Or, ce qui les emp\u00eache de rejoindre ce mouvement, c\u2019est AUSSI leur incapacit\u00e9 \u00e0 trouver une quelconque place au milieu de ce peuple qu\u2019il trouve trop niais. C\u2019est clair et c\u2019est le fond du probl\u00e8me\u00a0! Retour \u00e0 la phrase d\u2019Orwell\u00a0: <em>\u00ab\u00a0ils ne se r\u00e9volteront que lorsqu&rsquo;ils seront devenus conscients et ils ne pourront devenir conscients qu\u2019apr\u00e8s s&rsquo;\u00eatre r\u00e9volt\u00e9s\u00a0\u00bb<\/em> ( 1984 )<\/p>\n<p>Pourquoi donc ne sont-ils pas dans ce mouvement-ci \u2013 comme ils ont d\u00e9daign\u00e9 les Gilets Jaunes, au moins au d\u00e9but\u00a0? Avec ceux, pr\u00e9cisons, qui luttent pour le droit \u00e0 ne pas se faire vacciner ou \u00e0 avoir une existence sociale sans les entraves que le pouvoir veut y mettre. Il leur est impossible de se trouver une cause commune qui justifierait qu\u2019ils se souillent \u00e0 leur contact. Car<strong> ils ne se r\u00e9voltent pas pour de bonnes raisons\u00a0: le prix du gazole est un objectif d\u00e9risoire<\/strong>, disaient beaucoup de gauchistes pour les Gilets Jaunes\u00a0! Certes, mais ces GJ ont compris bien des choses en combattant pour le prix du gazole.<\/p>\n<p>Apr\u00e8s quelques semaines, ces gauchistes radicaux se ru\u00e8rent dans les manifs pour y crier leurs slogans\u00a0! <strong>Voil\u00e0 bien une des raisons pour laquelle les gauchistes \u2013 anars ou pas\u00a0! \u2013 sont des ennemis de la r\u00e9alit\u00e9.<\/strong> Les gens, les humains tels qu\u2019ils sont, dans la r\u00e9alit\u00e9 de leurs actes ne les int\u00e9ressent pas. La seule r\u00e9alit\u00e9 qu\u2019ils connaissent, c\u2019est celle de leurs propres d\u00e9sirs (pour les plus insens\u00e9s) et de leurs propres th\u00e9ories (pour les plus pr\u00e9tentieux). Avec le d\u00e9lire d\u2019\u00eatre pr\u00e9cis\u00e9ment \u00ab\u00a0propres\u00a0\u00bb au sens assez strict du terme. Quelle volupt\u00e9 de se sentir du cot\u00e9 de la \u00ab\u00a0juste lutte\u00a0\u00bb\u00a0! comme disaient les gauchistes des ann\u00e9es 70. \u00catre du bon c\u00f4t\u00e9 est bien suffisant. Aujourd\u2019hui, le vocabulaire change mais le fond est identique\u00a0: il faut \u00eatre \u00ab\u00a0politiquement correct\u00a0\u00bb, comme disent les postmodernes woke, cette esp\u00e8ce d\u2019\u00e9veill\u00e9s dont le jugement est chloroform\u00e9 par le verbe ronflant de leurs ma\u00eetres \u00e0 penser.<\/p>\n<p>On peut entendre des choses comme : <em>\u00ab\u00a0Tu me permettras quand m\u00eame de choisir ma r\u00e9volte. Je te laisse volontiers celle-ci.\u00a0\u00bb<\/em> Sauf qu\u2019\u00e9videmment &#8230;on ne choisit pas \u00ab\u00a0sa\u00a0\u00bb r\u00e9volte\u00a0! Une r\u00e9volte populaire \u2013 c\u2019est de cela qu\u2019on parle ici \u2013 est, par d\u00e9finition, collective et elle est l\u00e0, devant nos yeux, \u00e0 nos portes. On embo\u00eete le pas ou bien on choisit de rester chez soi, c\u2019est s\u00fbr. Libre \u00e0 chacun. Le pire est que ceux-l\u00e0 ne font pas le moindre pas dehors, ne serait-ce que pour y voir plus clair\u00a0; ils se contentent de r\u00e9p\u00e9ter ce qu\u2019ils voient \u00e0 la TV ou sur les r\u00e9zossocios. Comme pr\u00e9cis\u00e9ment ceux dont ils critiquent d\u2019ordinaire le conformisme navrant. Voil\u00e0 de bien \u00e9tranges r\u00e9volutionnaires\u00a0!<\/p>\n<p>Que fait-on quand on adh\u00e8re \u00e0 un mouvement populaire. Si l\u2019on se bat pour une cause et non pas pour se faire valoir dans le camp du Bien, il faut faire des \u00ab\u00a0ajustements\u00a0\u00bb avec ceux avec lesquels on combat. Voir si la lutte dans leurs rangs a quelque chose d\u2019\u00e9mancipateur ou pas. <em>\u00ab\u00a0Cela nous rend-il plus humain\u00a0?\u00a0\u00bb<\/em> disait Orwell.<\/p>\n<p>Avec les Gilets Jaunes, on pouvait parfois entendre des ragots et des discours stupides. Nonobstant une hargne tenace contre le pouvoir et m\u00eame le syst\u00e8me social qu\u2019ils vivaient comme oppresseur les Gilets Jaunes n\u2019avaient pas, eux non plus, dans leur grande majorit\u00e9, d\u2019analyse politique pr\u00e9cise. \u00c7a n\u2019emp\u00eache pas d\u2019y aller apporter d\u2019autres discours, critiquer et refuser certaines pratiques (quand la discussion est possible, ce qui ne fut pas toujours le cas \u2013 une critique du mouvement des GJ reste \u00e0 faire\u00a0!). Mettre ainsi sa pierre \u00e0 l\u2019\u00e9difice.<br \/>Rien de cela chez nos r\u00e9volutionnaires qui ont choisi de rester \u00e0 la maison ce coup-ci encore. Et la caricature est parfois tr\u00e8s grosse. <em>\u00ab\u00a0Il semble que parmi tous les droits menac\u00e9s, celui du \u00ab\u00a0droit au bistrot\u00a0\u00bb soit davantage mobilisateur que les autres.\u00a0\u00bb<\/em> Et les exemples des accusations de ce type sont toujours les m\u00eames\u00a0; que \u00e7a vienne des macronistes ou du c\u00f4t\u00e9 de nos radicaux demeur\u00e9s \u00e0 la maison. En r\u00e9duisant un mouvement \u00e0 un flot d\u2019imb\u00e9cillit\u00e9s ( soigneusement s\u00e9lectionn\u00e9es) on le disqualifie mais on ne fait pas face \u00e0 la r\u00e9alit\u00e9 \u2013 qui \u00ab\u00a0a la t\u00eate dure\u00a0\u00bb \u2013 on ne fait que lui tourner le dos.<\/p>\n<p>Le probl\u00e8me contre lequel on se heurte ici est donc fondamental\u00a0: faut-il prendre les gens comme ils sont et discuter avec eux, d\u00e9battre, mettre en avant nos arguments, notre point de vue\u00a0ou bien faut-il regarder de haut tous ces \u00ab\u00a0tristes clowns\u00a0\u00bb incapables de penser la r\u00e9alit\u00e9 ( alors que nous, les bons, les conscients, en sommes capables )\u00a0et de prendre les BONNES options (&#8230;qui sont les n\u00f4tres, bien s\u00fbr ! ) ? Tel pourrait \u00eatre leur questionnement. \u00c0 croire certains radicaux rest\u00e9s couch\u00e9s, on se dit que la route est vraiment \u00e9troite pour qu\u2019une r\u00e9volte leur plaise. Leur \u2018th\u00e9orie\u2019 non seulement ne les aide pas mais \u2013 bien pire\u00a0! \u2013 les emp\u00eache de voir ce qui se passe d\u2019\u00e9mancipateur sous leurs yeux.<\/p>\n<p align=\"left\">Il y a donc \u2013 de notre part \u2013 de quoi trouver ind\u00e9cent le fait de rester \u00e0 la maison alors que les gens se r\u00e9voltent contre la politique autoritaire de la macronaille. C\u2019est une r\u00e9volte contre un r\u00e9gime de plus en plus autoritaire imposant un passe sanitaire. Cette esp\u00e8ce de machin informatique qui emmagasine et d\u00e9voile notre parcours m\u00e9dical \u2013 une partie seulement, disent-ils\u00a0! mais c\u2019est toujours ainsi&#8230; au d\u00e9but.[2]<\/p>\n<p align=\"left\">Fondamentalement, les manifestants s\u2019en prennent \u00e0 la s\u00e9gr\u00e9gation \u00e0 l\u2019entr\u00e9e de certains lieux, dans certaines activit\u00e9s. Aux cris de \u00ab Libert\u00e9 \u00bb. Voil\u00e0 qui est une rupture avec l\u2019inertie tout de m\u00eame ; on se rappelle que tout le monde s\u2019\u00e9tait docilement confin\u00e9 pendant plusieurs mois l\u2019an dernier. Et, en tous cas, voil\u00e0 des cris qui pourraient faire pr\u00eater l\u2019oreille \u00e0 des anti-autoritaires, par exemple. Mais non, on regarde \u00e7a de loin et avec m\u00e9pris.<\/p>\n<p align=\"left\">Vraiment il n\u2019y a pas grand-chose \u00e0 esp\u00e9rer du cot\u00e9 de ceux qui \u00e9vitent soigneusement de se m\u00ealer au peuple \u00e0 chaque fois qu\u2019il se r\u00e9veille. Il faut garder notre \u00e9nergie pour expliquer nos positions car aujourd\u2019hui ceux qui se r\u00e9veillent et vont manifester sont tr\u00e8s peu politis\u00e9s. Ils ont certainement des choses \u00e0 apprendre dans leur lutte &#8230;et nous aussi\u00a0!<\/p>\n<p align=\"left\">\u00a0<\/p>\n<p align=\"left\"><strong>Note 1\u00a0:<\/strong> sous entendu : les vaccin\u00e9s, eux, n\u2019encombrent pas les urgences \u2013 il suffit de voir ce qui se passe en Isra\u00ebl pour s\u2019apercevoir que oui, les vaccin\u00e9s sont aussi, bien souvent, malades du covid ! Voir L. Mucchielli. Au moment o\u00f9 cet article doit \u00eatre publi\u00e9 voici qu\u2019on apprend que m\u00e9diapart, le fier m\u00e9dia de gauche qui se targuait \u2013 et se targue toujours contre toute \u00e9vidence \u2013 d\u2019\u00eatre pour la tol\u00e9rance et le dialogue vient de \u00ab d\u00e9publier \u00bb (sic) l\u2019article de Laurent Mucchielli qui expliquait les d\u00e9g\u00e2ts, relatifs mais bien r\u00e9els, cr\u00e9\u00e9s par la vaccination. \u00ab D\u00e9publier \u00bb est un euph\u00e9misme pour \u00ab censurer \u00bb, tout le mode aura compris, m\u00e9diapart ne voulant pas assumer d\u2019\u00eatre ce qu\u2019ils sont : des censeurs.<\/p>\n<p align=\"left\"><strong>Note 2\u00a0:<\/strong> Le fichier de police fait au d\u00e9part pour les p\u00e9dophiles s\u2019adresse maintenant \u00e0 un public bien plus large. Celui des manifestations politiques ou syndicales notamment.<\/p>\n<p>\u00a0<\/p>\n","protected":false},"excerpt":{"rendered":"<p>19\/09\/2021 (1) Les virus du gauchisme 3 \u00ab si le socialisme, tel qu\u2019il se voit actuellement, heurte bien des sensibilit\u00e9s, c\u2019est en grande partie parce qu\u2019il semble, vu de l\u2019ext\u00e9rieur en tout cas, \u00eatre livr\u00e9 \u00e0 un ramassis de doux maniaques, doctrinaires, bolch\u00e9viks de salon, etc. \u00bb Georges Orwell, le quai deWigan. 1937 Pr\u00e9ambule\u00a0: Ce&#8230; <\/p>\n<div class=\"read-more navbutton\"><a href=\"https:\/\/faut-le-dire.fr\/index.php\/2021\/08\/05\/les-virus-du-gauchisme\/\">Lire la suite<i class=\"fa fa-angle-double-right\"><\/i><\/a><\/div>\n","protected":false},"author":1,"featured_media":0,"comment_status":"closed","ping_status":"open","sticky":false,"template":"","format":"standard","meta":{"footnotes":""},"categories":[4],"tags":[259,243,244,253,241,239,250,258,255,251,126,240,256,260,245,254,238,170,236,246,247,249,237,257,252,242],"class_list":["post-771","post","type-post","status-publish","format-standard","hentry","category-lactionpolitique","tag-censure","tag-controle-social","tag-credit-social","tag-decroissance","tag-etoile-jaune","tag-exces-verbaux","tag-gauchistes-radicaux","tag-inclusif","tag-individualiste","tag-lepesant","tag-liberalisme","tag-manifestations","tag-masques","tag-mediapart","tag-modele-chinois","tag-neoliberalisme","tag-obligatoire","tag-orwell","tag-pass-sanitaire","tag-peuple","tag-populaire","tag-revolte-populaire","tag-vaccination","tag-vaccins","tag-vidal","tag-woke"],"post_mailing_queue_ids":[],"_links":{"self":[{"href":"https:\/\/faut-le-dire.fr\/index.php\/wp-json\/wp\/v2\/posts\/771","targetHints":{"allow":["GET"]}}],"collection":[{"href":"https:\/\/faut-le-dire.fr\/index.php\/wp-json\/wp\/v2\/posts"}],"about":[{"href":"https:\/\/faut-le-dire.fr\/index.php\/wp-json\/wp\/v2\/types\/post"}],"author":[{"embeddable":true,"href":"https:\/\/faut-le-dire.fr\/index.php\/wp-json\/wp\/v2\/users\/1"}],"replies":[{"embeddable":true,"href":"https:\/\/faut-le-dire.fr\/index.php\/wp-json\/wp\/v2\/comments?post=771"}],"version-history":[{"count":20,"href":"https:\/\/faut-le-dire.fr\/index.php\/wp-json\/wp\/v2\/posts\/771\/revisions"}],"predecessor-version":[{"id":975,"href":"https:\/\/faut-le-dire.fr\/index.php\/wp-json\/wp\/v2\/posts\/771\/revisions\/975"}],"wp:attachment":[{"href":"https:\/\/faut-le-dire.fr\/index.php\/wp-json\/wp\/v2\/media?parent=771"}],"wp:term":[{"taxonomy":"category","embeddable":true,"href":"https:\/\/faut-le-dire.fr\/index.php\/wp-json\/wp\/v2\/categories?post=771"},{"taxonomy":"post_tag","embeddable":true,"href":"https:\/\/faut-le-dire.fr\/index.php\/wp-json\/wp\/v2\/tags?post=771"}],"curies":[{"name":"wp","href":"https:\/\/api.w.org\/{rel}","templated":true}]}}