{"id":724,"date":"2021-05-10T12:22:25","date_gmt":"2021-05-10T11:22:25","guid":{"rendered":"http:\/\/faut-le-dire.fr\/?p=724"},"modified":"2023-10-12T16:46:42","modified_gmt":"2023-10-12T15:46:42","slug":"islamogauchisme","status":"publish","type":"post","link":"https:\/\/faut-le-dire.fr\/index.php\/2021\/05\/10\/islamogauchisme\/","title":{"rendered":"islamogauchisme"},"content":{"rendered":"<p><span style=\"font-family: book antiqua, palatino, serif; color: #b5b0b0;\"><em>Ce texte &#8211; du moins la premi\u00e8re partie &#8211; introduisit un d\u00e9bat sur l&rsquo;islamo-gauchisme au caf\u00e9 citoyen de B\u00e9ziers le 9 mai 2021.<\/em><\/span><\/p>\n<p style=\"text-align: right;\"><span style=\"font-family: book antiqua, palatino, serif; color: #b5b0b0;\"><em>10 mai 2021<\/em><\/span><\/p>\n<p class=\"western\" style=\"text-align: right;\"><em><span style=\"font-family: book antiqua, palatino, serif; font-size: 14pt; color: #bfbdbd;\">\u00ab\u00a0le gauchisme, plus qu\u2019une maladie infantile du communisme, est une maladie s\u00e9nile du capitalisme.\u00a0\u00bb<\/span><\/em><\/p>\n<p class=\"western\" style=\"text-align: right;\"><span style=\"font-family: book antiqua, palatino, serif; font-size: 14pt; color: #bfbdbd;\">JP Brighelli<\/span><\/p>\n<p class=\"western\" style=\"text-align: right;\" align=\"left\"><span style=\"font-family: book antiqua, palatino, serif; font-size: 14pt; color: #bfbdbd;\"><em>\u00ab Parler de libert\u00e9 d\u2019expression n\u2019a de sens qu\u2019\u00e0 condition que ce soit la libert\u00e9 de dire aux gens ce qu\u2019ils n\u2019ont pas envie d\u2019entendre. \u00bb<\/em> <\/span><\/p>\n<p class=\"western\" style=\"text-align: right;\" align=\"left\"><span style=\"font-family: book antiqua, palatino, serif; font-size: 14pt; color: #bfbdbd;\">G. Orwell<\/span><\/p>\n<p class=\"western\"><span style=\"font-family: book antiqua, palatino, serif; font-size: 14pt; color: #bfbdbd;\"><u>pr\u00e9ambule\u00a0:<\/u><\/span><\/p>\n<p class=\"western\"><span style=\"color: #bfbdbd; font-family: book antiqua, palatino, serif; font-size: 14pt;\">Il est n\u00e9cessaire de pr\u00e9ciser que personne ne se revendique islamo-gauchiste &#8230;ni islamiste ni gauchiste d\u2019ailleurs. Les sociologues les plus islamo-gauchistes ont proclam\u00e9 avec \u00e9clat que l\u2019islamo-gauchisme <img loading=\"lazy\" decoding=\"async\" class=\"wp-image-725 alignright\" src=\"https:\/\/faut-le-dire.fr\/wp-content\/uploads\/2021\/05\/lislamo-gauchisme-nest-pas-...-300x169.jpg\" alt=\"\" width=\"214\" height=\"120\" srcset=\"https:\/\/faut-le-dire.fr\/wp-content\/uploads\/2021\/05\/lislamo-gauchisme-nest-pas-...-300x169.jpg 300w, https:\/\/faut-le-dire.fr\/wp-content\/uploads\/2021\/05\/lislamo-gauchisme-nest-pas-...-768x433.jpg 768w, https:\/\/faut-le-dire.fr\/wp-content\/uploads\/2021\/05\/lislamo-gauchisme-nest-pas-....jpg 900w\" sizes=\"auto, (max-width: 214px) 100vw, 214px\" \/> n\u2019est pas un concept scientifique signifiant par l\u00e0 qu\u2019il s\u2019agissait de quelque concept d\u00e9grad\u00e9 ou insignifiant. Soit. Mais Dieu, la libert\u00e9,&#8230; ne sont pas non plus des concepts scientifiques, &#8230;et pourtant que de crimes, de massacres ont \u00e9t\u00e9 commis au nom des religions\u00a0! Et de la libert\u00e9\u00a0! <\/span><\/p>\n<p class=\"western\"><span style=\"color: #bfbdbd; font-family: book antiqua, palatino, serif; font-size: 14pt;\">Les islamistes donc se disent seulement musulmans, rien de plus\u00a0! Les gauchistes se disent r\u00e9volutionnaires, ou communistes, ou marxistes, ou de gauche (voire extr\u00eame) mais &#8230;pas gauchistes. <\/span><\/p>\n<p class=\"western\"><span style=\"font-family: book antiqua, palatino, serif; font-size: 14pt; color: #bfbdbd;\">L\u2019islamo-gauchisme serait m\u00eame une conception fantasmatique, imaginaire. Par bonheur, nous avons une d\u00e9claration du SNES Sup et du SNCS (deux syndicats d&rsquo;extr\u00eame gauche du personnel de l&rsquo;enseignement sup\u00e9rieur) datant de d\u00e9but 2021 apr\u00e8s la sortie de Fr\u00e9d\u00e9rique Vidal, ministre de l\u2019Enseignement Sup\u00e9rieur. Cette d\u00e9claration nous \u00e9claire un peu plus sur le sujet : <em>\u00ab\u00a0L\u2019\u00abislamo-gauchisme\u00bb n\u2019existe ni dans les universit\u00e9s, ni au CNRS, ni ailleurs dans le monde scientifique.(\u2026) C\u2019est le nom qu\u2019une poign\u00e9e de militants \u00abidentitaires\u00bb souffle \u00e0 l\u2019oreille des ministres pour disqualifier <u>des travaux de recherche \u00e0 vis\u00e9e \u00e9mancipatrice<\/u>. Sont vis\u00e9es entre autres <u>les \u00e9tudes sur le genre, les sexualit\u00e9s, les migrations, les formes de domination et les effets \u00e0 long terme de la colonisation dans les soci\u00e9t\u00e9s contemporaines. <\/u>\u00bb<\/em> Bien qu\u2019ils clament l\u2019inexistence de la chose, ils nous donnent l\u00e0 comme une d\u00e9finition (&#8230;bienvenue d\u2019ailleurs !) de ce qu\u2019ils d\u00e9clarent ne pas exister. On notera tout de m\u00eame que la vis\u00e9e \u00e9mancipatrice des travaux de recherche r\u00e9v\u00e8le un parti pris politique qui peut poser probl\u00e8me \u00e0 ceux qui penseraient na\u00efvement que la science se met en place avec un regard neutre, que l\u2019\u00e9mancipation n\u2019est pas &#8211; non plus &#8211; un concept scientifique.<\/span><\/p>\n<p class=\"western\"><span style=\"color: #bfbdbd; font-family: book antiqua, palatino, serif; font-size: 14pt;\">On partira donc d\u2019une vision comme celle-ci dans un premier temps et, en entrant plus profond, ensuite avec une approche historique et plus conceptuelle. Le premier constat est qu\u2019il n\u2019y a pas seulement une convergence tactique ou strat\u00e9gique entre tous les th\u00e8mes cit\u00e9s dans la d\u00e9claration mais de multiples connivences th\u00e9oriques.<\/span><\/p>\n<p class=\"western\"><span style=\"color: #bfbdbd; font-family: book antiqua, palatino, serif; font-size: 14pt;\">En cons\u00e9quence, il convient tout d\u2019abord \u2013 sous peine de passer compl\u00e8tement \u00e0 cot\u00e9 du sujet \u2013 de pr\u00e9ciser que le ph\u00e9nom\u00e8ne \u00ab islamo-gauchiste \u00bb fait partie d\u2019un ensemble vaste dont il est impossible de le s\u00e9parer sans lui enlever son sens. <\/span><\/p>\n<p class=\"western\"><span style=\"color: #bfbdbd; font-family: book antiqua, palatino, serif; font-size: 14pt;\">La gauche et l\u2019extr\u00eame gauche en France et en g\u00e9n\u00e9ral dans les pays occidentaux ont ralli\u00e9; chacune \u00e0 sa mani\u00e8re, les id\u00e9es \u00e9cologistes, f\u00e9ministes, antiracistes, etc. d\u00e8s les ann\u00e9es 70 en utilisant son identit\u00e9 \u00ab progressiste \u00bb. Au cours des ann\u00e9es 2000, avec le mouvement des \u00ab \u00e9veill\u00e9s \u00bb (\u00ab woke \u00bb, venu d\u2019Am\u00e9rique), elles ont choisi ce camp qui leur paraissait aller \u00ab dans le sens de l\u2019histoire \u00bb (sempiternel le souci du progressisme). Mais alors que l\u2019\u00e9cologisme et le f\u00e9minisme auquel elle s\u2019\u00e9tait d\u00e9j\u00e0 ralli\u00e9e auparavant avait une port\u00e9e universelle, la th\u00e9orie \u00ab \u00e9veill\u00e9e \u00bb (woke ) pr\u00e9sente une radicalit\u00e9 particuli\u00e8re. <img loading=\"lazy\" decoding=\"async\" class=\" wp-image-611 alignleft\" src=\"https:\/\/faut-le-dire.fr\/wp-content\/uploads\/2019\/09\/000.Intersectionnailsme-r\u00e9duit-262x300.jpg\" alt=\"\" width=\"326\" height=\"374\" srcset=\"https:\/\/faut-le-dire.fr\/wp-content\/uploads\/2019\/09\/000.Intersectionnailsme-r\u00e9duit-262x300.jpg 262w, https:\/\/faut-le-dire.fr\/wp-content\/uploads\/2019\/09\/000.Intersectionnailsme-r\u00e9duit.jpg 495w\" sizes=\"auto, (max-width: 326px) 100vw, 326px\" \/>Fini l\u2019universalisme. N\u00e9e aux EU, elle ram\u00e8ne tous ses id\u00e9aux au lib\u00e9ralisme philosophique dont elle impr\u00e8gne tout ce qu\u2019elle touche. Le gauchisme se teinte donc de cette id\u00e9ologie postmoderne qui mixe antiracisme raciste, f\u00e9minisme sexiste, LGBTisme \u2018fluide\u2019, etc. <\/span><\/p>\n<p class=\"western\"><span style=\"font-family: book antiqua, palatino, serif; font-size: 14pt; color: #bfbdbd;\">L\u2019islamo-gauchisme ne peut s\u2019entendre \u2013 on le voit \u2013 qu\u2019\u00e0 travers l\u2019impr\u00e9gnation de tout un pan de la gauche par les id\u00e9ologies postmodernes dont un <em>certain<\/em> antiracisme, un <em>certain<\/em> f\u00e9minisme, le genrisme, et toute sorte de mouvements se d\u00e9finissant comme des luttes contre des \u2018phobies\u2019 (contre les femmes, les noirs, les gros, les chauves, ceux qui parlent avec un accent, etc). L&rsquo;islamo-gauchisme n\u2019est pas seulement l\u2019islamisme et le gauchisme r\u00e9unis, cela va bien au-del\u00e0. On l\u2019a vu avec la d\u00e9claration cit\u00e9e plus haut.<\/span><\/p>\n<p class=\"western\"><span style=\"color: #bfbdbd; font-family: book antiqua, palatino, serif; font-size: 14pt;\">Il para\u00eet impossible, par cons\u00e9quent, de se cantonner \u00e0 la teinture islamique de l\u2019extr\u00eame gauche car nous avons un probl\u00e8me plus vaste qui teint en vert islamique le f\u00e9minisme aussi bien (on se souvient de Caroline de Haas, n\u00e9o f\u00e9ministe qui traita &#8211; avec le plus grand m\u00e9pris &#8211; de racistes tous ceux qui relevaient que les harceleurs de Cologne \u00e9taient des maghr\u00e9bins et des orientaux musulmans). M\u00eame du cot\u00e9 LGBT, on se remettra en m\u00e9moire ce \u2018trans\u2019 qui fut brutalis\u00e9(e) en traversant une manifestation d\u2019alg\u00e9riens \u00e0 Paris. Il se d\u00e9clarait r\u00e9volt\u00e9 qu\u2019on dise que ses agresseurs \u00e9taient alg\u00e9riens ! Nous aurons ainsi toujours jouxtant le gauchisme et l\u2019islamisme dont nous parlerons, ces autres combats qui s\u2019influencent l\u2019un l\u2019autre. <\/span><\/p>\n<p class=\"western\" align=\"center\"><span style=\"color: #bfbdbd; font-size: 14pt;\"><strong><span style=\"font-family: book antiqua, palatino, serif;\">I_ Tr\u00e8s bref historique<\/span><\/strong><\/span><\/p>\n<p class=\"western\"><span style=\"font-size: 14pt; color: #bfbdbd;\"><span style=\"font-family: book antiqua, palatino, serif;\"><em>\u00ab\u00a0Le bolchevisme combine les caract\u00e9ristiques de la R\u00e9volution fran\u00e7aise et celles de la lev\u00e9e de l\u2019islam, (\u2026) avec des dogmes d\u00e9finis et des \u00e9critures r\u00e9v\u00e9l\u00e9es. <u>La religion de Mahomet et le bolchevisme sont des religions pratiques, sociales, non spirituelles et soucieuses de gagner l\u2019empire de ce monde<\/u>\u00a0\u00bb<\/em>, \u00e9crivait en 1920 le clairvoyant Bertrand Russell (Pratique et th\u00e9orie du bolchevisme), apr\u00e8s une visite de la Russie fra\u00eechement devenue sovi\u00e9tique. Un rapprochement audacieux, c\u2019\u00e9tait il y a cent ans\u00a0! Les affinit\u00e9s sont donc d\u2019apr\u00e8s lui bien r\u00e9elles entre les adeptes du l\u00e9ninisme et ceux d\u2019Allah.<\/span><\/span><\/p>\n<p class=\"western\"><span style=\"font-family: book antiqua, palatino, serif; font-size: 14pt; color: #bfbdbd;\">Le premier signe \u00e0 notre connaissance de l\u2019apparition de l\u2019islamo-gauchisme<u> en tant que strat\u00e9gie d\u2019alliance entre <\/u><u>les <\/u><u>deux courants<\/u> (islamiste et gauchiste) se fait voir en Grande Bretagne\u00a0: en 1994, Chris Harman, trotskiste anglais\u00a0la th\u00e9orisait ainsi :\u00a0<em>\u00ab\u00a0<u>Sur certaines questions nous serons du m\u00eame c\u00f4t\u00e9 que les islamistes contre l\u2019imp\u00e9rialisme et contre l\u2019\u00c9tat<\/u>. C\u2019\u00e9tait le cas, par exemple, dans un grand nombre de pays lors de la seconde guerre du Golfe. Ce devrait \u00eatre le cas dans des pays comme la France ou la Grande-Bretagne lorsqu\u2019il s\u2019agit de combattre le racisme. L\u00e0 o\u00f9 les islamistes sont dans l\u2019opposition, notre r\u00e8gle de conduite doit \u00eatre\u00a0: \u201cavec les islamistes parfois, avec l\u2019\u00c9tat jamais\u201d.\u00a0\u00bb<\/em> marxists.org. <\/span><\/p>\n<p class=\"western\" align=\"left\"><span style=\"font-family: book antiqua, palatino, serif; font-size: 14pt; color: #bfbdbd;\">Il semble que, sans que le mot n\u2019apparaisse, ce soit la premi\u00e8re th\u00e9orisation claire d\u2019une alliance strat\u00e9gique entre les islamistes et les gauchistes. Le mot islamo-gauchisme lui-m\u00eame est apparu sous la plume de Pierre-Andr\u00e9 Taguieff, sociologue fran\u00e7ais, au d\u00e9but des ann\u00e9es 2000. Il indique plus qu\u2019une alliance mais des convergences profondes.<\/span><\/p>\n<p class=\"western\"><span style=\"font-family: book antiqua, palatino, serif; font-size: 14pt; color: #bfbdbd;\">Notons que, selon Gilles Kepel, <em>\u00ab\u00a0L\u2019islamo-gauchisme, dont l\u2019id\u00e9al type est Tariq Ramadan, vient de la fusion op\u00e9r\u00e9e par la r\u00e9volution iranienne entre la revendication anti-imp\u00e9rialiste <\/em>[qui ram\u00e8ne \u00e0 l\u2019extr\u00eame gauche]<em> et le langage islamiste.\u00a0\u00bb<\/em> Ce qui nous fait remonter dans les ann\u00e9es 80 pendant cette r\u00e9volution qui destitua le Shah et mit en place un r\u00e9gime domin\u00e9 par le clerg\u00e9 chiite.<\/span><\/p>\n<p class=\"western\" align=\"center\"><span style=\"color: #bfbdbd; font-size: 14pt;\"><strong><span style=\"font-family: book antiqua, palatino, serif;\">II_ On entre dans l\u2019islamo-gauchisme proprement dit :<\/span><\/strong><\/span><\/p>\n<p class=\"western\"><span style=\"font-family: book antiqua, palatino, serif; font-size: 14pt; color: #bfbdbd;\">La tendance est donc \u00e0 l\u2019alliance entre certains gauchistes et une partie des islamistes. Lors du Forum Social Europ\u00e9en du d\u00e9but 2003\u00a0on note la venue (&#8230;incongrue pour beaucoup) d\u2019un pr\u00e9dicateur musulman qui fit une apparition tr\u00e8s remarqu\u00e9e heurtant la sensibilit\u00e9 de pas mal de gens de gauche pour qui il n\u2019\u00e9tait pas bienvenu : cet homme, devenu c\u00e9l\u00e8bre depuis, s\u2019appelle Tariq Ramadan, <img loading=\"lazy\" decoding=\"async\" class=\" wp-image-727 alignright\" src=\"https:\/\/faut-le-dire.fr\/wp-content\/uploads\/2021\/05\/Ramadan-300x233.jpg\" alt=\"\" width=\"184\" height=\"143\" srcset=\"https:\/\/faut-le-dire.fr\/wp-content\/uploads\/2021\/05\/Ramadan-300x233.jpg 300w, https:\/\/faut-le-dire.fr\/wp-content\/uploads\/2021\/05\/Ramadan.jpg 630w\" sizes=\"auto, (max-width: 184px) 100vw, 184px\" \/>il a d&rsquo;abord affirm\u00e9 \u00e0 un parterre de gens de gauche sa <em>\u00abcondamnation absolue de l&rsquo;islamophobie\u00bb<\/em> (pierre angulaire th\u00e9orique) qui vise, selon lui, les musulmans. Avant de conclure par une envol\u00e9e lyrique contre l\u2019interdiction du port du foulard islamique \u00e0 l&rsquo;\u00e9cole : <em>\u00abOn oublie le social, on s&rsquo;obs\u00e8de sur le la\u00efc.\u00bb<\/em> dit Ramadan ajoutant qu\u2019il s\u2019agit de <em>\u00abformer une soci\u00e9t\u00e9 musulmane\u00bb<\/em> <em>comme \u00abalternative de r\u00e9sistance\u00bb \u00e0 \u00abl&rsquo;\u00e9conomie sans morale\u00bb de la mondialisation.\u00a0\u00bb<\/em> Postulant donc explicitement que &#8230;la parade au march\u00e9 globalis\u00e9, c\u2019est &#8230;l\u2019islam ! <a style=\"color: #bfbdbd;\" href=\"https:\/\/www.letemps.ch\/societe\/paris-tariq-ramadan-scelle-lalliance-entre-lislamisme-altermondialistes\">https:\/\/www.letemps.ch\/societe\/paris-tariq-ramadan-scelle-lalliance-entre-lislamisme-altermondialistes<\/a><\/span><\/p>\n<p class=\"western\"><span style=\"color: #bfbdbd; font-family: book antiqua, palatino, serif; font-size: 14pt;\">Tous ces propos ont l\u2019aval des \u00e9lites gauchistes (NPA, ATTAC, etc) tout en effrayant pas mal de militants de base. <em>\u00abIl est r\u00e9actionnaire, obscurantiste\u00bb<\/em>, regimbent certains. Toujours est-il qu\u2019il a creus\u00e9 son sillon gr\u00e2ce aux dirigeants de l\u2019extr\u00eame gauche\u00a0: Le Forum Social Europ\u00e9en lui a offert une tribune pour <em>\u00ab l\u00e9gitimer l&rsquo;islam politique comme une alternative anti-imp\u00e9rialiste et anticolonialiste \u00bb<\/em>. Un boulevard lui fut ouvert. Depuis ce temps, Ramadan est devenu, gr\u00e2ce aux dirigeants de cette gauche altermondialiste, une star m\u00e9diatique. <\/span><\/p>\n<p class=\"western\"><span style=\"color: #bfbdbd; font-family: book antiqua, palatino, serif; font-size: 14pt;\">On peut se demander ce que veulent les gauchistes qui ont fait la courte \u00e9chelle \u00e0 Ramadan ? Bien \u00e9videmment, le public vis\u00e9, ce sont les banlieues o\u00f9 vivent les immigr\u00e9s &#8230;que l\u2019on appelle d\u00e9sormais les \u00ab quartiers populaires \u00bb ; les gauchistes y voient une multitude de r\u00e9volt\u00e9s qu\u2019ils supposent oppos\u00e9s au syst\u00e8me capitaliste. Mais m\u00eame si ces \u2018r\u00e9volt\u00e9s\u2019 ne se savent pas anticapitalistes, les gauchistes leur feront prendre conscience que finalement ils doivent l\u2019\u00eatre. Je me suis fait exposer vers 2010 par un cadre du parti Alternative Libertaire que les banlieues \u00e9taient au bord de l\u2019insurrection (contre le capitalisme bien s\u00fbr) \u2013 &#8230;que diraient-ils en 2023 ? \u2013 que c\u2019\u00e9tait donc l\u00e0 un signe que cette r\u00e9volution tant attendue \u00e9tait en train de poindre \u00e0 l\u2019horizon et il fallait que les r\u00e9volutionnaires soient pr\u00e9sents aux cot\u00e9s de ces (futurs) insurg\u00e9s. Les \u00e9chauffour\u00e9es de 2005 avaient prouv\u00e9 qu\u2019ils n\u2019avaient pas tout \u00e0 fait tort. Le probl\u00e8me \u00e9tant que la liaison entre les &#8230;\u00ab r\u00e9volutionnaires \u00bb et les \u2018insurg\u00e9s\u2019 \u00e9tait et &#8230;est encore aujourd\u2019hui au point mort. La fameuse convergence que les militants d\u2019extr\u00eame gauche avancent comme la panac\u00e9e, n\u2019a toujours pas eu lieu.<\/span><\/p>\n<div id=\"attachment_726\" style=\"width: 353px\" class=\"wp-caption alignright\"><img loading=\"lazy\" decoding=\"async\" aria-describedby=\"caption-attachment-726\" class=\"wp-image-726 \" src=\"https:\/\/faut-le-dire.fr\/wp-content\/uploads\/2021\/05\/gazer-tous-les-blancs-cest-une-sous-race--300x160.png\" alt=\"\" width=\"343\" height=\"183\" srcset=\"https:\/\/faut-le-dire.fr\/wp-content\/uploads\/2021\/05\/gazer-tous-les-blancs-cest-une-sous-race--300x160.png 300w, https:\/\/faut-le-dire.fr\/wp-content\/uploads\/2021\/05\/gazer-tous-les-blancs-cest-une-sous-race-.png 649w\" sizes=\"auto, (max-width: 343px) 100vw, 343px\" \/><p id=\"caption-attachment-726\" class=\"wp-caption-text\"><span style=\"color: #bfbdbd; font-size: 14pt;\">\u00e0 l&rsquo;\u00e9poque, vice pr\u00e9sidente de l&rsquo;UNEF Lille et, actuellement 2021, \u00e0 la t\u00eate du syndicat FSE, scission de l&rsquo;UNEF. <br \/><\/span><\/p><\/div>\n<p class=\"western\"><span style=\"color: #bfbdbd; font-family: book antiqua, palatino, serif; font-size: 14pt;\">Certes, pendant cette derni\u00e8re d\u00e9cennie 2010\/2020 les militances de gauche et islamiste n\u2019ont cess\u00e9 de se rapprocher. De multiples manifestations ont eu lieu dans lesquelles les figures de prou de certains partis de gauche (M\u00e9lenchon &amp; ses lieutenants) mais aussi des personnages influents de gauche (comme Edwy Plenel) ont particip\u00e9 \u00e0 des manifestations avec des islamistes. Ce glissement de la France Insoumise vers les organismes militants islamistes comme le Collectif Contre l\u2019Islamophobie en France (aujourd\u2019hui dissous) s\u2019est op\u00e9r\u00e9 progressivement. Par contre, on ne voit gu\u00e8re de pas vers une prise de conscience sociale, les revendications identitaires (religieuses ou raciales) sont omnipr\u00e9sentes. On peut dire que si les gauchistes ont repris les th\u00e8mes islamistes, la r\u00e9ciproque n\u2019est pas \u00e9vidente du tout. <\/span><\/p>\n<p class=\"western\"><span style=\"color: #bfbdbd; font-family: book antiqua, palatino, serif; font-size: 14pt;\">Bien au contraire, pendant ces vingt derni\u00e8res ann\u00e9es, la progression de l\u2019isolement des banlieues immigr\u00e9es ainsi que leur totale d\u00e9politisation exacerb\u00e8rent la col\u00e8re et la violence qui s\u2019y manifestaient par intermittence. Sur l\u2019autre versant, l\u2019extr\u00eame gauche, la gauche, l\u2019\u00e9cologisme, dans ses composantes les plus spectaculairement int\u00e9gr\u00e9es est en 2021 conquise par une esp\u00e8ce d\u2019id\u00e9ologie minimale d\u00e9coloniale \u00e0 la mode Bouteldja&#8230; dont l\u2019antiracisme ressemble assez \u00e0 du racisme. R\u00e9unions excluant les Blancs, o\u00f9 seuls les \u2018racis\u00e9s\u2019 peuvent participer. Alignement sur les \u00e9tudes d\u00e9coloniales am\u00e9ricaines. Et militantisme hardi dans lequel on peut entendre des insultes fuser vis \u00e0 vis des policiers noirs \u2013 trait\u00e9s de \u2018collabos\u2019 \u2013 pr\u00e9sents dans les manifs. M\u00eame les membres des organisations juives sympathisantes avec le d\u00e9colonialisme se rendant \u00e0 ces manifestations essuient des remarques antis\u00e9mites (Marche des Femmes du 21 janvier 2017) . <\/span><\/p>\n<p class=\"western\"><span style=\"color: #bfbdbd; font-family: book antiqua, palatino, serif; font-size: 14pt;\">Quelques points centraux qui constituent l\u2019id\u00e9ologie islamo-gauchiste :<\/span><\/p>\n<p class=\"western\" align=\"center\"><span style=\"color: #bfbdbd; font-family: book antiqua, palatino, serif; font-size: 14pt;\">a) <u>l\u2019islamophobie\u00a0<\/u>: <\/span><\/p>\n<p class=\"western\" align=\"center\"><span style=\"font-size: 14pt; color: #bfbdbd;\"><span style=\"font-family: book antiqua, palatino, serif;\"><em>\u00ab Un nouveau mot avait \u00e9t\u00e9 invent\u00e9 pour permettre aux aveugles de rester aveugles : islamophobie \u00bb<\/em>.\u00a0\u00a0\u00a0\u00a0 <\/span><\/span><span style=\"font-size: 14pt; color: #bfbdbd;\"><span style=\"font-family: book antiqua, palatino, serif;\">Salman Rushdie, \u00e9crivain anglo indien, de culture musulmane, victime d\u2019une &lsquo;fatwa&rsquo; de Khomeiny en 1989, <\/span><span style=\"font-family: book antiqua, palatino, serif;\">\u00e0 cause de la publication de ses \u00ab\u00a0versets sataniques\u00a0\u00bb<\/span><\/span><\/p>\n<p class=\"western\"><span style=\"color: #bfbdbd; font-family: book antiqua, palatino, serif; font-size: 14pt;\">De quoi s\u2019agit-il ? \u00c9tymologiquement, c\u2019est une \u00ab peur irraisonn\u00e9e de l\u2019islam \u00bb [calqu\u00e9 sur le vocabulaire m\u00e9dical, claustrophobie = peur des espaces clos]. Certains comprennent : \u00ab la haine de l\u2019islam \u00bb (&#8230;des espaces clos). On peut aussi penser \u00e0 \u00ab peur des musulmans \u00bb ou \u00ab haine des musulmans \u00bb. Quelle diff\u00e9rence entre dire \u00ab islam \u00bb et \u00ab les musulmans \u00bb ? Il n\u2019y a pas qu\u2019une nuance mais une diff\u00e9rence essentielle entre les deux. En Droit fran\u00e7ais, et selon une tradition issue des Lumi\u00e8res, on peut critiquer et m\u00eame d\u00e9tester une id\u00e9e ou une id\u00e9ologie. Par contre, il est interdit de porter l\u2019opprobre sur des individus ou une communaut\u00e9. Pour certains, les islamo-gauchistes \u2013 et c\u2019est l\u00e0 le point important \u2013 il n\u2019y a pas de diff\u00e9rence entre <u>d\u00e9nonciation critique de l\u2019islam<\/u> (&#8230;une th\u00e9orie) et <u>haine des musulmans<\/u> (\u2026des personnes). En d\u2019autres termes, si l\u2019on critique l\u2019islam, on touche \u00e0 tous les musulmans. C\u2019est la version du CCIF, dissous par les macronistes. Mais de bien d\u2019autres organisations isalmo-gauchistes.<\/span><\/p>\n<p class=\"western\"><span style=\"color: #bfbdbd; font-family: book antiqua, palatino, serif; font-size: 14pt;\">N\u2019oublions pas au passage que l\u2019\u00ab\u00a0islamophobie\u00a0\u00bb a \u00e9t\u00e9 employ\u00e9 par Khomeyni pour fustiger les femmes iraniennes qui refusaient de porter le voile. <\/span><\/p>\n<p class=\"western\"><span style=\"color: #bfbdbd; font-family: book antiqua, palatino, serif; font-size: 14pt;\">La haine des musulmans existe sans doute. Tout le monde l\u2019admet et un arsenal juridique est cens\u00e9 r\u00e9primer les incartades que certains pourraient commettre. Toutefois, le CCIF ne s\u2019arr\u00eate pas l\u00e0, il proclame que c\u2019est la soci\u00e9t\u00e9 fran\u00e7aise dans sa globalit\u00e9 qui est islamophobe. Et que l\u2019\u00c9tat pratique structurellement l\u2019islamophobie\u00a0! Ainsi Assa Traor\u00e9, les indig\u00e8nes du PIR et les gauchistes du NPA, SUD et tant d\u2019autres dans les universit\u00e9s par exemple ( voir l\u2019exemple de Sciences Po Grenoble). <\/span><\/p>\n<p class=\"western\"><span style=\"color: #bfbdbd; font-family: book antiqua, palatino, serif; font-size: 14pt;\">En France, pays la\u00efque, le d\u00e9lit de blasph\u00e8me a \u00e9t\u00e9 aboli par la R\u00e9volution Fran\u00e7aise en 1789. Ce n\u2019\u00e9tait pas hier\u00a0! La loi de 1905 en ayant remis une couche\u2026 dans un contexte de lutte contre la pression du clerg\u00e9 catholique notamment mais aussi des mouvements royalistes qui se trouvaient derri\u00e8re. Point d\u2019islam en France \u00e0 cette \u00e9poque\u00a0!<\/span><\/p>\n<p class=\"western\"><span style=\"color: #bfbdbd; font-family: book antiqua, palatino, serif; font-size: 14pt;\">Aujourd\u2019hui nous avons deux visions antagoniques de cette la\u00efcit\u00e9\u00a0: conform\u00e9ment \u00e0 une perspective historiquement ancr\u00e9e dans la r\u00e9alit\u00e9 fran\u00e7aise, Henri Pena Ruiz, philosophe et adh\u00e9rent de La France Insoumise, dit qu\u2019on a le droit d\u2019\u00eatre islamophobe car cela signifie\u00a0: critiquer la religion islamique. <\/span><\/p>\n<p class=\"western\"><span style=\"color: #bfbdbd; font-family: book antiqua, palatino, serif; font-size: 14pt;\">\u00c0 l\u2019oppos\u00e9, le CCIF, plus au fait de la tradition islamique que de la loi et faisant fi des m\u0153urs fran\u00e7aises, consid\u00e8re comme \u00ab\u00a0atteintes islamophobes\u00a0\u00bb l\u2019interdiction du port du voile ou du burkini dans les piscines. Et les r\u00e9pertorie comme tels dans ses d\u00e9comptes des actes islamophobes.<\/span><\/p>\n<p class=\"western\" align=\"center\"><span style=\"color: #bfbdbd; font-family: book antiqua, palatino, serif; font-size: 14pt;\">b) <u>le racisme \u00ab\u00a0syst\u00e9mique\u00a0\u00bb<\/u>\u00a0:<br \/>\n<\/span><\/p>\n<p class=\"western\"><span style=\"color: #bfbdbd; font-family: book antiqua, palatino, serif; font-size: 14pt;\">Voici maintenant un concept philosophique pas tr\u00e8s \u00e9vident \u00e0 comprendre et il est amusant d\u2019entendre les jeunes gauchistes raconter des histoires \u00e0 dormir debout quand ils n\u2019y ont rien compris. Le point de d\u00e9part : dans certaines \u00e9tudes de sociologie, le \u00ab libre arbitre \u00bb recouvre peu de chose dans les comportements sociaux. On parle avec les id\u00e9es des autres, on agit en mimant les autres. Et les comportements se r\u00e9pandent alors que les gens eux-m\u00eames en sont inconscients. Les individus sont ainsi corset\u00e9s dans un moule hors duquel il leur est extr\u00eamement difficile de sortir. De ce constat un peu outr\u00e9 \u2013 digne du sociologue Pierre Bourdieu \u2013 est issue la th\u00e9orie du racisme syst\u00e9mique. Dans notre monde qui a connu l\u2019esclavage et la colonisation &#8211; selon les partisans du racisme syst\u00e9mique &#8211; le blanc est, depuis des si\u00e8cles, en face du noir ou de l\u2019arabe dans un rapport d\u2019opposition et de domination. Le blanc se consid\u00e8re comme sup\u00e9rieur. Et la soci\u00e9t\u00e9 europ\u00e9enne est, selon les partisans du racisme syst\u00e9mique, malgr\u00e9 la d\u00e9colonisation et la fin de l\u2019esclavage depuis longtemps, encore enserr\u00e9e par les id\u00e9es racistes. Eric Fassin, sociologue islamo-gauchiste, \u00e9crit : <em>\u00ab Il s\u2019agit, non seulement d\u2019individus racistes, mais de m\u00e9canismes sociaux structurels : c\u2019est ainsi qu\u2019on parle de racisme syst\u00e9mique \u00bb<\/em>. (<a style=\"color: #bfbdbd;\" href=\"https:\/\/faut-le-dire.fr\/index.php\/2021\/04\/14\/fassin-et-la-race\/\">lire article FASSIN et la race<\/a> sur ce site) Ce qui signifie qu\u2019il n\u2019y a pas vraiment de place pour le libre arbitre, la r\u00e9flexion individuelle : quand on est blanc, on pense comme un blanc &#8230;donc on est raciste. L\u2019essence du blanc est d\u2019\u00eatre raciste. Le blanc n&rsquo;aura de cesse de dominer les noirs et les arabes. Car, quoi que l\u2019on fasse individuellement, nos comportements et nos convictions d\u00e9pendent quasi exclusivement de notre position raciale, sociale et de l\u2019histoire dans laquelle elle s\u2019ins\u00e8re. On se demande d\u2019ailleurs comment les sociologues blancs comme Eric Fassin et tant d\u2019autres \u00e9chappent \u00e0 ce d\u00e9terminisme\u2026 myst\u00e9rieuse puissance de leur pens\u00e9e ? \u00c0 moins qu\u2019ils n\u2019aient eu des r\u00e9v\u00e9lations ? <\/span><\/p>\n<p class=\"western\"><span style=\"color: #bfbdbd; font-family: book antiqua, palatino, serif; font-size: 14pt;\">Face \u00e0 cela, et surtout face \u00e0 la r\u00e9alit\u00e9 du racisme et du refus de l\u2019alt\u00e9rit\u00e9 qui existe aussi bien chez les blancs que chez les noirs, <\/span><span style=\"color: #bfbdbd; font-family: book antiqua, palatino, serif; font-size: 14pt;\">les arabes, \u2026 d\u2019autres s\u2019opposent \u00e0 cette \u00ab\u00a0essentialisation\u00a0\u00bb des groupes sociaux de la pens\u00e9e desquels il ne serait pas possible de s\u2019extraire. C\u00e9line Pina, par exemple, s\u2019\u00e9l\u00e8ve contre cette vision\u00a0selon laquelle <em>\u00ab\u00a0la couleur de peau d\u00e9termine [enti\u00e8rement] ce que l\u2019on est\u00a0\u00bb<\/em> vision qui, si elle \u00e9tait vraie impliquerait qu\u2019<em> \u00ab\u00a0un Blanc ne saurait subir le racisme, il ne peut que l\u2019exercer et seuls les Noirs ou les arabo-musulmans peuvent en \u00eatre victimes.\u00a0\u00bb<\/em> C\u2019est effectivement la th\u00e9orie d\u2019Eric Fassin et de tous les islamo-gauchistes, qu\u2019elle critique l\u00e0. <\/span><\/p>\n<p class=\"western\"><span style=\"color: #bfbdbd; font-family: book antiqua, palatino, serif; font-size: 14pt;\"><img loading=\"lazy\" decoding=\"async\" class=\" wp-image-733 alignleft\" src=\"https:\/\/faut-le-dire.fr\/wp-content\/uploads\/2021\/05\/Des-noirs-tuent2-300x265.png\" alt=\"\" width=\"205\" height=\"181\" srcset=\"https:\/\/faut-le-dire.fr\/wp-content\/uploads\/2021\/05\/Des-noirs-tuent2-300x265.png 300w, https:\/\/faut-le-dire.fr\/wp-content\/uploads\/2021\/05\/Des-noirs-tuent2.png 689w\" sizes=\"auto, (max-width: 205px) 100vw, 205px\" \/><\/span><\/p>\n<p class=\"western\"><span style=\"color: #bfbdbd; font-family: book antiqua, palatino, serif; font-size: 14pt;\">On se souvient du cri de cette jeune manifestante noire ( photos ci-contre) lors d\u2019une manif de Black Lives Matter\u00a0aux EU : <em>\u00ab\u00a0I\u2019m free\u00a0!\u00a0\u00bb<\/em> = Je suis libre\u00a0! dit-elle, c\u2019est \u00e0 dire\u00a0: Je ne me laisse pas enfermer dans vos th\u00e9ories <u>racistes<\/u> (le racisme de Black Lives Matter puisqu\u2019elle accuse BLM de racisme !), ajoute-t-elle. Quand c\u2019est un noir qui agresse un noir, demande-t-elle, o\u00f9 \u00eates-vous ? Pour Black Lives Matter, les vies noires comptent-elles seulement quand ce sont des blancs qui tuent des noirs ? demande-t-elle aux militants BLM qui, pour r\u00e9pondre reviennent toujours sur la th\u00e9orie du racisme syst\u00e9mique. Toujours.<\/span><\/p>\n<p class=\"western\"><span style=\"color: #bfbdbd; font-family: book antiqua, palatino, serif; font-size: 14pt;\"><img loading=\"lazy\" decoding=\"async\" class=\"wp-image-734 alignleft\" src=\"https:\/\/faut-le-dire.fr\/wp-content\/uploads\/2021\/05\/je-nai-jamais-vu2-300x292.png\" alt=\"\" width=\"201\" height=\"196\" srcset=\"https:\/\/faut-le-dire.fr\/wp-content\/uploads\/2021\/05\/je-nai-jamais-vu2-300x292.png 300w, https:\/\/faut-le-dire.fr\/wp-content\/uploads\/2021\/05\/je-nai-jamais-vu2.png 637w\" sizes=\"auto, (max-width: 201px) 100vw, 201px\" \/>D\u2019une certaine fa\u00e7on, selon cette th\u00e9orie, un blanc qui tue un noir, c\u2019est un attentat raciste, un noir qui tue un blanc, c\u2019est&#8230; un fait divers regrettable. Toutes ces consid\u00e9rations n\u2019emp\u00eachent pas, de toute fa\u00e7on, les attentats racistes anti blancs d\u2019exister.<\/span><\/p>\n<p class=\"western\" align=\"center\"><span style=\"color: #bfbdbd; font-family: book antiqua, palatino, serif; font-size: 14pt;\">c) <u>\u00aboffenser\u00bb une \u00absensibilit\u00e9\u00bb<\/u><\/span><\/p>\n<p class=\"western\" align=\"left\"><span style=\"color: #bfbdbd; font-family: book antiqua, palatino, serif; font-size: 14pt;\">Il ne faut pas offenser les croyants. Aux \u00c9tats-Unis on va m\u00eame jusqu\u2019\u00e0 mettre en place des &lsquo;safe spaces&rsquo;, c\u2019est \u00e0 dire des espaces pr\u00e9serv\u00e9s o\u00f9 les croyants n\u2019entendront pas ce qu\u2019ils ne peuvent supporter d\u2019entendre.<\/span><\/p>\n<p class=\"western\"><span style=\"font-family: book antiqua, palatino, serif; font-size: 14pt; color: #bfbdbd;\"><em>\u00ab\u00a0Certains affirment que la libert\u00e9 d\u2019expression permet de critiquer les religions, mais pas de les insulter, car cela blesse les croyants. Vraiment\u00a0? Faut-il encore rappeler qu\u2019il y en a qui se sentent bless\u00e9s par la moindre critique de leurs tabous religieux, et que d\u00e8s lors se donner comme limite la susceptibilit\u00e9 subjective des croyants revient \u00e0 laisser les plus fanatiques fixer les bornes de la libert\u00e9\u00a0?\u00a0\u00bb <\/em>Aur\u00e9lien Marq<\/span><\/p>\n<p class=\"western\"><span style=\"font-size: 14pt; color: #bfbdbd;\"><span style=\"font-family: book antiqua, palatino, serif;\">La strat\u00e9gie des islamo-gauchistes consiste, selon certains, \u00e0 d\u00e9tourner la la\u00efcit\u00e9 : alors qu\u2019elle a \u00e9t\u00e9 \u00e9dict\u00e9e pour prot\u00e9ger les individus de l\u2019emprise des religions, elle devrait selon eux prot\u00e9ger les religions des &lsquo;agressions&rsquo; des individus. Pas \u00e9tonnant <span style=\"color: #bfbdbd;\">que cette att<\/span>itude ait \u00e9t\u00e9 produite sur les campus am\u00e9ricains o\u00f9 la religion tient une place \u00e9minente alors qu\u2019en France on s\u2019en m\u00e9fie et on veut<\/span><span style=\"font-family: book antiqua, palatino, serif;\"> en diminuer l\u2019influence.<\/span> <\/span><\/p>\n<p style=\"text-align: center;\"><strong><span style=\"color: #bfbdbd;\"><em><span style=\"font-family: book antiqua, palatino, serif; font-size: 14pt;\">(Suite de l&rsquo;article \u00e0 venir)<\/span><\/em><\/span><\/strong><\/p>\n","protected":false},"excerpt":{"rendered":"<p>Ce texte &#8211; du moins la premi\u00e8re partie &#8211; introduisit un d\u00e9bat sur l&rsquo;islamo-gauchisme au caf\u00e9 citoyen de B\u00e9ziers le 9 mai 2021. 10 mai 2021 \u00ab\u00a0le gauchisme, plus qu\u2019une maladie infantile du communisme, est une maladie s\u00e9nile du capitalisme.\u00a0\u00bb JP Brighelli \u00ab Parler de libert\u00e9 d\u2019expression n\u2019a de sens qu\u2019\u00e0 condition que ce soit&#8230; <\/p>\n<div class=\"read-more navbutton\"><a href=\"https:\/\/faut-le-dire.fr\/index.php\/2021\/05\/10\/islamogauchisme\/\">Lire la suite<i class=\"fa fa-angle-double-right\"><\/i><\/a><\/div>\n","protected":false},"author":1,"featured_media":0,"comment_status":"closed","ping_status":"open","sticky":false,"template":"","format":"standard","meta":{"footnotes":""},"categories":[1],"tags":[21,230,234,227,235,229,233,225,205,203,84,119,223,224,156,131,232,93,36,231,20,228,226],"class_list":["post-724","post","type-post","status-publish","format-standard","hentry","category-non-classe","tag-anticapitalisme","tag-aurelien-marq","tag-black-lives-matter","tag-caroline-de-haas","tag-ccif","tag-celine-pina","tag-crimes","tag-de-gauche","tag-eric-fassin","tag-gauchistes","tag-islam","tag-islamisme","tag-islamogauchisme","tag-islamogauchiste","tag-la-gauche","tag-liberte","tag-libre","tag-neo-feminisme","tag-racisme","tag-realite-scientifique","tag-revolution","tag-taguieff","tag-tarik-ramadan"],"post_mailing_queue_ids":[],"_links":{"self":[{"href":"https:\/\/faut-le-dire.fr\/index.php\/wp-json\/wp\/v2\/posts\/724","targetHints":{"allow":["GET"]}}],"collection":[{"href":"https:\/\/faut-le-dire.fr\/index.php\/wp-json\/wp\/v2\/posts"}],"about":[{"href":"https:\/\/faut-le-dire.fr\/index.php\/wp-json\/wp\/v2\/types\/post"}],"author":[{"embeddable":true,"href":"https:\/\/faut-le-dire.fr\/index.php\/wp-json\/wp\/v2\/users\/1"}],"replies":[{"embeddable":true,"href":"https:\/\/faut-le-dire.fr\/index.php\/wp-json\/wp\/v2\/comments?post=724"}],"version-history":[{"count":9,"href":"https:\/\/faut-le-dire.fr\/index.php\/wp-json\/wp\/v2\/posts\/724\/revisions"}],"predecessor-version":[{"id":1054,"href":"https:\/\/faut-le-dire.fr\/index.php\/wp-json\/wp\/v2\/posts\/724\/revisions\/1054"}],"wp:attachment":[{"href":"https:\/\/faut-le-dire.fr\/index.php\/wp-json\/wp\/v2\/media?parent=724"}],"wp:term":[{"taxonomy":"category","embeddable":true,"href":"https:\/\/faut-le-dire.fr\/index.php\/wp-json\/wp\/v2\/categories?post=724"},{"taxonomy":"post_tag","embeddable":true,"href":"https:\/\/faut-le-dire.fr\/index.php\/wp-json\/wp\/v2\/tags?post=724"}],"curies":[{"name":"wp","href":"https:\/\/api.w.org\/{rel}","templated":true}]}}