{"id":618,"date":"2020-10-08T18:33:58","date_gmt":"2020-10-08T17:33:58","guid":{"rendered":"http:\/\/faut-le-dire.fr\/?p=618"},"modified":"2021-11-25T11:47:59","modified_gmt":"2021-11-25T10:47:59","slug":"la-societe-industrielle","status":"publish","type":"post","link":"https:\/\/faut-le-dire.fr\/index.php\/2020\/10\/08\/la-societe-industrielle\/","title":{"rendered":"la soci\u00e9t\u00e9 industrielle"},"content":{"rendered":"<p align=\"center\"><span style=\"font-size: 18pt; color: #d9bfbf;\"><strong><span style=\"font-family: Cambria, serif;\">Innovations technologiques et\u00a0 \u00ab\u00a0progr\u00e8s\u00a0\u00bb&#8230;<\/span><\/strong><\/span><\/p>\n<p align=\"right\"><span style=\"color: #d9bfbf;\"><span style=\"font-size: 14pt;\"><strong><span style=\"font-family: Cambria, serif;\">08\/10\/2020 et <\/span><\/strong><\/span><span style=\"font-size: 14pt;\"><strong><span style=\"font-family: Cambria, serif;\">revu 24\/11\/21<\/span><\/strong><\/span><\/span><\/p>\n<p align=\"left\"><span style=\"color: #d9bfbf; font-size: 14pt;\"><span style=\"font-family: Cambria, serif;\">Est-ce que (toutes) les innovations technologiques sont des \u00ab\u00a0progr\u00e8s\u00a0\u00bb\u00a0? Telle \u00e9tait la question pos\u00e9e lors de l\u2019introduction au d\u00e9bat du Caf\u00e9 Citoyen le 7 octobre 2020 \u00e0 B\u00e9ziers. Il s\u2019agit bien \u00e9videmment d\u2019une r\u00e9ponse \u00e0 Macron qui d\u00e9clarait que la 5G est un progr\u00e8s indiscutable et que la France \u2013 \u00e9tant un pays de progr\u00e8s \u2013 ne peut pas en refuser l\u2019installation. Les opposants ne peuvent dans ce cas \u00eatre que des pass\u00e9istes. Comparables aux Amish, v\u00e9ritables <i>fossiles vivants<\/i> aux yeux du pr\u00e9sident\u00a0!<\/span><\/span><\/p>\n<p align=\"center\"><span style=\"color: #d9bfbf; font-size: 14pt;\"><span style=\"font-family: Cambria, serif;\">&lt;&gt;<\/span><\/span><\/p>\n<p align=\"left\"><span style=\"color: #d9bfbf; font-size: 14pt;\"><span style=\"font-family: Cambria, serif;\">Il est \u00e9vident que, confront\u00e9s \u00e0 ce type de questions, le premier r\u00e9flexe consiste \u00e0 trier entre le <i>bon<\/i> et le <i>mauvais<\/i> progr\u00e8s. Entre la m\u00e9decine qui gu\u00e9rit toujours mieux les humains, &#8230;d\u2019un c\u00f4t\u00e9. Et de l\u2019autre, les pesticides qui d\u00e9truisent les humains et la nature (\u00e7a y est, tout le monde est d\u2019accord sur ce sujet maintenant, il en a fallu du temps\u2026!) ainsi que les centrales nucl\u00e9aires qui font courir des risques \u00e9normes (voir Fukushima). Le tout en apportant \u2013 faut-il s\u2019empresser de pr\u00e9ciser \u2013 quelques contreparties \u00e9videntes. Par exemple : les pesticides aident les agriculteurs \u2013 dans le contexte de l&rsquo;agriculture industrielle \u2013 \u00e0 obtenir des produits propres \u00e0 la vente. De m\u00eame, les centrales nucl\u00e9aires apportent \u00e0 une soci\u00e9t\u00e9 en besoin perp\u00e9tuel d&rsquo;\u00e9nergie \u00e9lectrique, l&rsquo;\u00e9lectricit\u00e9 dont elle a besoin.\u00a0 <\/span><\/span><\/p>\n<p align=\"center\"><span style=\"color: #d9bfbf; font-size: 14pt;\"><span style=\"font-family: Cambria, serif;\">&lt;&gt;<\/span><\/span><\/p>\n<p align=\"left\"><span style=\"color: #d9bfbf; font-size: 14pt;\"><span style=\"font-family: Cambria, serif;\">Apr\u00e8s r\u00e9flexion on s\u2019aper\u00e7oit que les progr\u00e8s de la m\u00e9decine \u2013 constituant le p\u00f4le \u00e9minemment <i>positif<\/i> du \u00ab\u00a0progr\u00e8s\u00a0\u00bb \u2013 ne sont pas ind\u00e9pendants de ceux accomplis dans d\u2019autres domaines. Pour produire des m\u00e9dicaments qui soignent toujours plus efficacement, il faut une industrie chimique \u2013 &#8230;mais pas seulement chimique ! Il faut aussi fabriquer les outils n\u00e9cessaires pour fabriquer les m\u00e9dicaments\u2026 et ainsi de suite \u2013 qui soit florissante. Et donc un appareil industriel cons\u00e9quent afin que l\u2019industrie pharmaceutique puisse se d\u00e9velopper. La recherche m\u00e9dicale a grand besoin d\u2019appareils sophistiqu\u00e9s construits avec des mat\u00e9riaux et des technologies appropri\u00e9es. Une m\u00e9decine de pointe ne peut s\u2019entendre qu\u2019avec une industrialisation &#8230;de pointe\u00a0! Que pourrait-on diagnostiquer sans radiographie, scanner, IRM, etc\u00a0? La fine fleur de l\u2019innovation technologique en renouvellement permanent.<\/span><\/span><\/p>\n<p align=\"left\"><span style=\"color: #d9bfbf; font-size: 14pt;\"><span style=\"font-family: Cambria, serif;\">Or, \u00ab\u00a0<i>une fraction toujours plus importante de la population se rend compte que la dynamique de d\u00e9veloppement initi\u00e9e par la r\u00e9volution industrielle est devenue mortif\u00e8re et conduit \u00e0 la catastrophe, d&rsquo;un point de vue \u00e9cologique par d\u00e9vastation de la nature, d&rsquo;un point de vue anthropologique par d\u00e9vastation des cultures humaines.<\/i>\u00a0\u00bb (1) En cons\u00e9quence, pour s\u2019opposer \u00e0 ce sentiment de plus en plus pr\u00e9sent les pouvoirs en place doivent justifier la fuite en avant par quelque chose d\u2019extr\u00eamement fort qui re\u00e7oit un assentiment g\u00e9n\u00e9ral\u00a0; et ce sont pr\u00e9cis\u00e9ment les progr\u00e8s de la m\u00e9decine qui sont invoqu\u00e9s r\u00e9guli\u00e8rement ! <\/span><\/span><\/p>\n<p align=\"left\"><span style=\"color: #d9bfbf; font-size: 14pt;\"><span style=\"font-family: Cambria, serif;\">De la m\u00eame fa\u00e7on, mais \u00e0 l\u2019oppos\u00e9, l\u2019argument le plus susceptible d\u2019\u00eatre entendu pour disqualifier une innovation technologique est l\u2019impact n\u00e9gatif qu\u2019elle pourrait avoir sur la sant\u00e9 des gens. La survie semble ainsi \u00eatre le souci quasi unique des humains aujourd\u2019hui (2). Par exemple, peu de gens se posent la question de savoir si le \u00ab\u00a0progr\u00e8s\u00a0\u00bb et l\u2019 \u00ab\u00a0id\u00e9ologie du progr\u00e8s\u00a0\u00bb comportent un risque pour la libert\u00e9. Voil\u00e0 un probl\u00e8me qui, pour une majorit\u00e9, n\u2019est que de peu de poids. Alors que parler de l\u2019impact n\u00e9faste sur la sant\u00e9 attire beaucoup plus l\u2019attention. Il suffit de constater la r\u00e9action tr\u00e8s faible des populations europ\u00e9ennes vis \u00e0 vis des mesures prises par les gouvernements contre l\u2019\u00e9pid\u00e9mie de covid. Port du masque, confinement, passeport sanitaire et obligation vaccinale, toutes ces mesures contraignantes pour juguler une \u00e9pid\u00e9mie qui n\u2019est pourtant pas la peste.<\/span><\/span><\/p>\n<p align=\"center\"><span style=\"color: #d9bfbf; font-size: 14pt;\"><span style=\"font-family: Cambria, serif;\">&lt;&gt;<\/span><\/span><\/p>\n<p align=\"left\"><span style=\"color: #d9bfbf; font-size: 14pt;\"><span style=\"font-family: Cambria, serif;\">Ce que l\u2019on peut remarquer aujourd\u2019hui avec la 5G, que certains critiquent et d\u2019autres d\u00e9fendent, c\u2019est que cet affrontement entre les &lsquo;pour&rsquo; et les &lsquo;contre&rsquo; est identique \u00e0 ceux qui ont eu lieu lors de l\u2019av\u00e8nement des OGM, des nanotechnologies, des gaz de schistes, etc. \u00c0 chaque fois, il y a d\u2019un c\u00f4t\u00e9 les d\u00e9fenseurs des \u2018innovations\u2019 qualifi\u00e9es de progr\u00e8s ( parfois d\u00e9cisifs, selon les thurif\u00e9raires\u00a0! ) par le pouvoir en place et, de l\u2019autre, les opposants dont on dit qu\u2019ils sont des pass\u00e9istes incapables de regarder vers l\u2019avenir. Le parti pris du \u00ab\u00a0progr\u00e8s\u00a0\u00bb par le pouvoir (\u00e9conomique d\u2019abord mais ensuite aussi politique) n\u2019est pas syst\u00e9matique, ce qui laisse supposer que ces gens-l\u00e0 analysent les innovations technologiques (selon leurs propres crit\u00e8res !) en amont avant de prendre parti. Analyse qu\u2019ils d\u00e9nient au commun des mortels quand eux ont estim\u00e9 les nouvelles technologies comme acceptables ou souhaitables. Quand l\u2019opposition est trop virulente ils finissent parfois par renoncer \u2013 cf OGM en 2000, gaz de schistes en 2012 \u2013 et quand l\u2019opposition est par trop faiblarde ils laissent passer l\u2019orage \u2013 cf les nanotechnologies en 2009 \u2013 et parviennent \u00e0 leurs fins apr\u00e8s usure des opposants. <\/span><\/span><\/p>\n<p align=\"center\"><span style=\"color: #d9bfbf; font-size: 14pt;\"><span style=\"font-family: Cambria, serif;\">&lt;&gt;<\/span><\/span><\/p>\n<p align=\"left\"><span style=\"color: #d9bfbf; font-size: 14pt;\"><span style=\"font-family: Cambria, serif;\">Comme nous l\u2019avons d\u00e9j\u00e0 \u00e9voqu\u00e9 au dessus la conscience de la destruction de l\u2019homme \u2013 &#8230;le transhumanisme guette\u00a0! \u2013 et de la nature progresse dans toutes les couches de la soci\u00e9t\u00e9. Et les progressistes (partisans inconditionnels du \u00ab\u00a0progr\u00e8s\u00a0\u00bb) affrontent les pass\u00e9istes, immobilistes, r\u00e9actionnaires, etc qui s\u2019opposent \u00e0 l\u2019innovation en arguant de cette destruction. Qu\u2019il s\u2019agisse de la biodiversit\u00e9 qui se r\u00e9tr\u00e9cit de jour en jour, des for\u00eats primaires qui disparaissent, des oc\u00e9ans satur\u00e9s de plastiques ou du climat qui se d\u00e9t\u00e9riore on en vient vite \u00e0 la conscience d\u2019une n\u00e9cessaire remise en cause du syst\u00e8me industriel qui nous a conduit \u00e0 cette impasse\u00a0: la Terre risque fort de ne plus \u00eatre habitable par les humains dans un avenir pas si lointain. Le technocapitalisme ne d\u00e9truira pas forc\u00e9ment la plan\u00e8te mais la rendra sans doute inhabitable par les humains. <\/span><\/span><\/p>\n<p align=\"left\"><span style=\"color: #d9bfbf; font-size: 14pt;\"><span style=\"font-family: Cambria, serif;\">D\u2019o\u00f9 la n\u00e9cessit\u00e9 de rejeter \u2013 tant qu\u2019il est temps \u2013 les innovations qu\u2019on nous ass\u00e8ne comme indispensables mais qui, pour s\u00fbr, acc\u00e9l\u00e9reront ce mouvement de destruction. <\/span><\/span><\/p>\n<p align=\"center\"><span style=\"color: #d9bfbf; font-size: 14pt;\"><span style=\"font-family: Cambria, serif;\">&lt;&gt;<\/span><\/span><\/p>\n<p align=\"left\"><span style=\"color: #d9bfbf; font-size: 14pt;\"><span style=\"font-family: Cambria, serif;\">Le dissensus vis vis de la 5G n\u2019est donc pas une nouveaut\u00e9. Ce qui l\u2019est, c\u2019est le style macronien inimitable\u00a0: les opposants sont comme les \u00ab\u00a0amish\u00a0\u00bb, clame le pr\u00e9sident au sommet de son art. La comparaison n\u2019est pas innocente. Que font les \u00ab\u00a0amish\u00a0\u00bb \u2013 les vrais\u00a0! Pas ceux que fantasme Macron \u2013 quand une de ces innovations leur est accessible et propos\u00e9e\u00a0? Eh bien, ils discutent de ce que celle-ci leur apporterait, non pas individuellement comme un lib\u00e9ral d\u2019aujourd\u2019hui voyant toute la r\u00e9alit\u00e9 \u00e0 travers le prisme de son int\u00e9r\u00eat individuel, mais <b>en tant que groupe ayant une id\u00e9e de la vie bonne autour de principes partag\u00e9s<\/b> (3). Et, en fonction de cela, ils ont d\u00e9cid\u00e9 de ne pas se brancher \u00e0 l\u2019\u00e9lectricit\u00e9 mais d\u2019accepter l\u2019\u00e9clairage au gaz. Et donc voil\u00e0 ce qui para\u00eet d\u00e9raisonnable \u2013 \u00e9trangement\u00a0! \u2013 au pr\u00e9sident. Car lui ne jurera que par le progr\u00e8s \u2013 bon en soi, indiscutablement\u00a0! \u2013 scrutant la technologie nouvelle qui va acc\u00e9l\u00e9rer bien s\u00fbr la production de b\u00e9n\u00e9fices\u00a0(pour certains) ; l\u2019int\u00e9r\u00eat <i>\u00e9conomique<\/i> prime tout le reste parce que voil\u00e0 LA valeur fondamentale dans notre monde. Dont Macron est l\u2019ardent supporteur. <\/span><\/span><\/p>\n<p align=\"left\"><span style=\"color: #d9bfbf; font-size: 14pt;\"><span style=\"font-family: Cambria, serif;\">Une vision dans laquelle tous les <i>int\u00e9r\u00eats \u00e9go\u00efstes<\/i> peuvent se reconna\u00eetre. Rappelons que, depuis le XIX\u00b0s, on sait que le but de l\u2019\u00e9conomie n\u2019est pas, comme le disent mielleusement les \u00e9conomistes et les publicitaires de toute sorte, de <i>satisfaire des besoins<\/i> mais bien de&#8230; \u00ab\u00a0faire de l\u2019argent\u00a0\u00bb. On ne se faisait gu\u00e8re d\u2019illusions jadis quand de l\u2019app\u00e2t du gain on disait qu\u2019il s\u2019agissait de \u00ab\u00a0vices priv\u00e9s\u00a0\u00bb (4). On voyait avant l\u2019\u00e8re capitaliste l\u2019int\u00e9r\u00eat \u00e9go\u00efste comme destructeur de la soci\u00e9t\u00e9. Le monde a radicalement chang\u00e9 sous la houlette d\u2019une bourgeoisie qui s\u2019est adjoint les services d\u2019une technocratie toujours plus performante et incontournable. La cons\u00e9quence, c\u2019est que sous l\u2019influence de ces initiatives priv\u00e9es le monde n\u2019a cess\u00e9 depuis le d\u00e9but du XIX\u00b0 s. d\u2019\u00eatre chamboul\u00e9 par ces innovateurs avides de gain qu\u2019aucune morale commune ne retient plus. L\u2019\u00e9conomie avec son corollaire\u00a0: faire du b\u00e9n\u00e9fice, est devenue la valeur supr\u00eame. Les individus sont cens\u00e9s \u00eatre mus seulement par leurs app\u00e9tits individuels. <b>Ni la religion ni la tradition ni les m\u0153urs ni m\u00eame aujourd\u2019hui le simple bon sens, <\/b><b>rien ne devrait s\u2019opposer \u00e0 leur soif de profit et de domination<\/b><b>.<\/b> Nihilisme de l\u2019id\u00e9ologie lib\u00e9rale. L\u2019impact est donc important sur le monde \u2013 qui \u00e9volue constamment pour trouver de nouvelles sources de profit.<\/span><\/span><\/p>\n<p align=\"center\"><span style=\"color: #d9bfbf; font-size: 14pt;\"><span style=\"font-family: Cambria, serif;\">&lt;&gt;<\/span><\/span><\/p>\n<p align=\"left\"><span style=\"color: #d9bfbf; font-size: 14pt;\"><span style=\"font-family: Cambria, serif;\">La nature en est boulevers\u00e9e et ne parvient plus \u00e0 se r\u00e9g\u00e9n\u00e9rer comme elle le faisait pr\u00e9c\u00e9demment\u00a0; ainsi les humains perdent leurs rep\u00e8res traditionnels. Tout y passe &#8230;m\u00eame la diff\u00e9rence sexuelle est remise en cause (5). Les processus \u00e9conomiques fonctionnent comme une r\u00e9volution permanente (l\u2019id\u00e9e a \u00e9t\u00e9 d\u00e9velopp\u00e9e par Marx). R\u00e9volution qui ab\u00eeme la nature et les humains. <\/span><\/span><\/p>\n<p align=\"left\"><span style=\"color: #d9bfbf; font-size: 14pt;\"><span style=\"font-family: Cambria, serif;\">Si nous vivons plus longtemps gr\u00e2ce \u00e0 la technologie m\u00e9dicale nous avons aussi plus de cancers et nous avons plus souvent les dites comorbidit\u00e9s (ob\u00e9sit\u00e9, hypertension, diab\u00e8te, etc) cons\u00e9quences fr\u00e9quentes de notre mode de vie trop s\u00e9dentaire. Les corps n\u2019ont pas la capacit\u00e9 de se prot\u00e9ger dans le nouvel environnement plus toxique. C\u2019est aussi le cot\u00e9 \u2018obscur\u2019 des technologies modernes dont on d\u00e9couvre \u00e0 quel point elles sont mortif\u00e8res. Et pourtant, elles sont cens\u00e9es nous apporter la s\u00e9curit\u00e9, le bien-\u00eatre\u00a0! Parfois les technologies m\u00e9dicales ne font que soigner les maladies que les autres technologies &#8230;industrielles induisent (amiante, m\u00e9dicaments,\u2026 ).<\/span><\/span><\/p>\n<p align=\"left\"><span style=\"color: #d9bfbf; font-size: 14pt;\"><span style=\"font-family: Cambria, serif;\">On peut dire que l\u2019id\u00e9ologie du \u00ab\u00a0progr\u00e8s\u00a0\u00bb (le progressisme) est ce qui permet de poursuivre le d\u00e9veloppement des diverses technologies et p\u00e9rennisera le monde dans lequel nous vivons. Faisant ainsi d\u00e9mesur\u00e9ment gonfler les probl\u00e8mes qui s\u2019accumulent et deviennent oppressants. <\/span><\/span><\/p>\n<p align=\"center\"><span style=\"color: #d9bfbf; font-size: 14pt;\"><span style=\"font-family: Cambria, serif;\">&lt;&gt;<\/span><\/span><\/p>\n<p align=\"left\"><span style=\"color: #d9bfbf; font-size: 14pt;\"><span style=\"font-family: Cambria, serif;\"><b>Toutes les innovations de ce monde capitaliste sont apparues sans qu\u2019il y ait le moindre consensus d\u00e9mocratique sur leur mise en \u0153uvre<\/b>. Bien \u00e9videmment. Voil\u00e0 un secret tr\u00e8s \u00ab\u00a0public\u00a0\u00bb. Tout le monde le sait mais obscurci par la propagande progressiste la conscience de cette obligation au progr\u00e8s impos\u00e9 en est enfouie, voil\u00e9e, enterr\u00e9e. L\u2019automobile, pour ne parler que de cette machine dont tout le monde ou presque poss\u00e8de un exemplaire, a \u00e9t\u00e9 de plus en plus accept\u00e9e comme un moyen de transport universel autour duquel l\u2019urbanisme des m\u00e9tropoles s\u2019est construit tel qu\u2019on le voit aujourd\u2019hui. Le processus d\u2019expansion de l\u2019automobile a \u00e9t\u00e9 g\u00e9r\u00e9 par les politiciens et les technocrates afin que notre monde soit celui de la voiture. La marque m\u00eame d\u2019un pays sous d\u00e9velopp\u00e9 \u00e9tant de ne pas avoir de bonnes routes permettant une circulation automobile incessante. Et on est consid\u00e9r\u00e9 comme chanceux d\u2019avoir du boulot \u00e0 quelques kilom\u00e8tres parce que \u2013 en voiture, bien s\u00fbr ! \u2013 on ne met que quelques minutes pour y aller. <\/span><\/span><\/p>\n<p align=\"left\"><span style=\"color: #d9bfbf; font-size: 14pt;\"><span style=\"font-family: Cambria, serif;\">Le monde humain est fait \u00e0 l\u2019image de l\u2019automobile\u00a0! Il serait probablement plus juste de dire que <b>les humains se sont adapt\u00e9s \u00e0 ce mode de transport &#8230;<\/b><b>P<\/b><b>lut\u00f4t que de dire que l\u2019automobile a r\u00e9pondu aux besoins des humains. <\/b><\/span><\/span><\/p>\n<p align=\"left\">\n<p align=\"left\"><span style=\"color: #d9bfbf; font-size: 14pt;\"><span style=\"font-family: Cambria, serif;\">(1) Olivier REY _ l\u2019idol\u00e2trie de la vie (2020). <\/span><\/span><\/p>\n<p align=\"left\"><span style=\"font-size: 14pt; color: #d9bfbf;\"><span style=\"font-family: Cambria, serif;\">(2)<\/span> <span style=\"font-family: Cambria, serif;\">Il n\u2019en a pas toujours \u00e9t\u00e9 ainsi. <\/span><span style=\"font-family: Cambria, serif;\">On est loin des valeurs d<\/span><span style=\"font-family: Cambria, serif;\">es classes aristocratiques <\/span><span style=\"font-family: Cambria, serif;\">qui <\/span><span style=\"font-family: Cambria, serif;\">ont <\/span><span style=\"font-family: Cambria, serif;\">construit<\/span> <span style=\"font-family: Cambria, serif;\">un id\u00e9al de<\/span><span style=\"font-family: Cambria, serif;\"> la guerre <\/span><span style=\"font-family: Cambria, serif;\">o\u00f9<\/span> <span style=\"font-family: Cambria, serif;\">le<\/span><span style=\"font-family: Cambria, serif;\"> risque de mourir <\/span><span style=\"font-family: Cambria, serif;\">est constitutif de <\/span><span style=\"font-family: Cambria, serif;\">leur mode de vie. <\/span><span style=\"font-family: Cambria, serif;\">De m\u00eame les premiers chr\u00e9tiens affrontaient la mort et les supplices les plus d\u00e9go\u00fbtants avec une distance \u00e9tonnante pour nous autres modernes. <\/span><span style=\"font-family: Cambria, serif;\">L\u2019honneur <\/span><span style=\"font-family: Cambria, serif;\">ou la foi<\/span><span style=\"font-family: Cambria, serif;\"> plus fort<\/span><span style=\"font-family: Cambria, serif;\">s<\/span><span style=\"font-family: Cambria, serif;\"> que la mort. <\/span><span style=\"font-family: Cambria, serif;\">Ces id\u00e9aux ne sont pas \u00e9rig\u00e9s ici comme des exemples \u00e0 suivre\u00a0; ils indiquent seulement \u00e0 quel point certaines civilisations, dans certaines religions on a pu se d\u00e9tacher de l\u2019angoisse de la mort qui est aujourd\u2019hui si obs\u00e9dante.<\/span><\/span><\/p>\n<p align=\"left\"><span style=\"font-size: 14pt; color: #d9bfbf;\"><span style=\"font-family: Cambria, serif;\">(<\/span><span style=\"font-family: Cambria, serif;\">3) <\/span><span style=\"font-family: Cambria, serif;\">Il para\u00eet beaucoup plus difficile certes \u00e0 un monde comme le n\u00f4tre de produire des discussions vu les millions de personnes qui devraient se concerter et la divergence foisonnante d\u2019avis contradictoires sur la vie digne d&rsquo;\u00eatre v\u00e9cue. C&rsquo;est un probl\u00e8me majeur : il n\u2019y a plus de <\/span><em><span style=\"font-family: Cambria, serif;\">bonne vie<\/span><\/em><span style=\"font-family: Cambria, serif;\"> unanimement ou m\u00eame majoritairement reconnue comme telle et, plus \u00e7a va, plus les divergences s\u2019accentuent au plus grand bonheur des <\/span><em><span style=\"font-family: Cambria, serif;\">employeurs<\/span><\/em><span style=\"font-family: Cambria, serif;\"> et des <\/span><em><span style=\"font-family: Cambria, serif;\">marchands<\/span><\/em><span style=\"font-family: Cambria, serif;\">. <\/span><\/span><\/p>\n<p align=\"left\"><span style=\"color: #d9bfbf; font-size: 14pt;\"><span style=\"font-family: Cambria, serif;\">(4) <i>\u00ab\u00a0<\/i><i>Les vices priv\u00e9s font la vertu publique\u00a0\u00bb<\/i>. tir\u00e9 de La fable des abeilles de Bernard Mandeville (1714) qui fut un des premiers \u00e9crits \u00e0 valoriser la cupidit\u00e9 et l\u2019int\u00e9r\u00eat individuel au d\u00e9triment de l\u2019int\u00e9r\u00eat collectif. Tout en indiquant que tous ces int\u00e9r\u00eats contradictoires conduisaient en fait \u00e0 un b\u00e9n\u00e9fice pour l\u2019ensemble de la soci\u00e9t\u00e9. Il sera suivi par les \u00e9conomistes dont le plus marquant fut Adam Smith qui pensa \u00e0 une <i>\u00ab\u00a0main invisible\u00a0\u00bb<\/i> orchestrant tous ces int\u00e9r\u00eats dissonants et conduisant au Bien commun.<\/span><\/span><\/p>\n<p><span style=\"font-size: 14pt; color: #d9bfbf;\">(5) La th\u00e9orie du genre a pris naissance dans les milieux universitaires am\u00e9ricains. Reprise \u00e0 des fins militantes par la majorit\u00e9 de l\u2019extr\u00eame gauche, elle essaime jusque dans la gauche dite de gouvernement et m\u00eame bien s\u00fbr dans la macronie\u00a0!<\/span><\/p>\n","protected":false},"excerpt":{"rendered":"<p>Innovations technologiques et\u00a0 \u00ab\u00a0progr\u00e8s\u00a0\u00bb&#8230; 08\/10\/2020 et revu 24\/11\/21 Est-ce que (toutes) les innovations technologiques sont des \u00ab\u00a0progr\u00e8s\u00a0\u00bb\u00a0? Telle \u00e9tait la question pos\u00e9e lors de l\u2019introduction au d\u00e9bat du Caf\u00e9 Citoyen le 7 octobre 2020 \u00e0 B\u00e9ziers. Il s\u2019agit bien \u00e9videmment d\u2019une r\u00e9ponse \u00e0 Macron qui d\u00e9clarait que la 5G est un progr\u00e8s indiscutable et que&#8230; <\/p>\n<div class=\"read-more navbutton\"><a href=\"https:\/\/faut-le-dire.fr\/index.php\/2020\/10\/08\/la-societe-industrielle\/\">Lire la suite<i class=\"fa fa-angle-double-right\"><\/i><\/a><\/div>\n","protected":false},"author":1,"featured_media":0,"comment_status":"closed","ping_status":"open","sticky":false,"template":"","format":"standard","meta":{"footnotes":""},"categories":[1],"tags":[175,172,174,177,122,176,130,73,173,171],"class_list":["post-618","post","type-post","status-publish","format-standard","hentry","category-non-classe","tag-5g","tag-amish","tag-cafe-citoyen-beziers","tag-gaz-de-schistes","tag-macron","tag-ogm-nanotechnologies","tag-progres","tag-societe-industrielle","tag-systeme-industriel","tag-vices-prives"],"post_mailing_queue_ids":[],"_links":{"self":[{"href":"https:\/\/faut-le-dire.fr\/index.php\/wp-json\/wp\/v2\/posts\/618","targetHints":{"allow":["GET"]}}],"collection":[{"href":"https:\/\/faut-le-dire.fr\/index.php\/wp-json\/wp\/v2\/posts"}],"about":[{"href":"https:\/\/faut-le-dire.fr\/index.php\/wp-json\/wp\/v2\/types\/post"}],"author":[{"embeddable":true,"href":"https:\/\/faut-le-dire.fr\/index.php\/wp-json\/wp\/v2\/users\/1"}],"replies":[{"embeddable":true,"href":"https:\/\/faut-le-dire.fr\/index.php\/wp-json\/wp\/v2\/comments?post=618"}],"version-history":[{"count":16,"href":"https:\/\/faut-le-dire.fr\/index.php\/wp-json\/wp\/v2\/posts\/618\/revisions"}],"predecessor-version":[{"id":1013,"href":"https:\/\/faut-le-dire.fr\/index.php\/wp-json\/wp\/v2\/posts\/618\/revisions\/1013"}],"wp:attachment":[{"href":"https:\/\/faut-le-dire.fr\/index.php\/wp-json\/wp\/v2\/media?parent=618"}],"wp:term":[{"taxonomy":"category","embeddable":true,"href":"https:\/\/faut-le-dire.fr\/index.php\/wp-json\/wp\/v2\/categories?post=618"},{"taxonomy":"post_tag","embeddable":true,"href":"https:\/\/faut-le-dire.fr\/index.php\/wp-json\/wp\/v2\/tags?post=618"}],"curies":[{"name":"wp","href":"https:\/\/api.w.org\/{rel}","templated":true}]}}