{"id":5,"count":1,"description":"La fa\u00e7on dont sont trait\u00e9s les probl\u00e8mes \u00e9cologiques.","link":"https:\/\/faut-le-dire.fr\/index.php\/category\/lecologieetsonombre\/","name":"L'\u00e9cologie et son ombre","slug":"lecologieetsonombre","taxonomy":"category","parent":0,"meta":[],"_links":{"self":[{"href":"https:\/\/faut-le-dire.fr\/index.php\/wp-json\/wp\/v2\/categories\/5","targetHints":{"allow":["GET"]}}],"collection":[{"href":"https:\/\/faut-le-dire.fr\/index.php\/wp-json\/wp\/v2\/categories"}],"about":[{"href":"https:\/\/faut-le-dire.fr\/index.php\/wp-json\/wp\/v2\/taxonomies\/category"}],"wp:post_type":[{"href":"https:\/\/faut-le-dire.fr\/index.php\/wp-json\/wp\/v2\/posts?categories=5"}],"curies":[{"name":"wp","href":"https:\/\/api.w.org\/{rel}","templated":true}]}}